{"id":3899,"date":"2013-08-01T21:00:45","date_gmt":"2013-08-01T19:00:45","guid":{"rendered":"http:\/\/www.tenniscup.it\/portale\/?p=3899"},"modified":"2019-08-12T15:36:08","modified_gmt":"2019-08-12T13:36:08","slug":"litalia-se-desta-fognini-sfiora-il-triplete-ad-umago","status":"publish","type":"post","link":"https:\/\/www.tenniscup.it\/portale\/2013\/08\/01\/litalia-se-desta-fognini-sfiora-il-triplete-ad-umago\/","title":{"rendered":"L\u2019ITALIA s\u2019\u00e8 desta: FOGNINI sfiora il triplete ad UMAGO"},"content":{"rendered":"<p style=\"text-align: justify;\"><strong>Poteva essere la finale delle finali, con due italiani, Seppi e Fognini,\u00a0 a contendersi\u00a0 la vittoria del torneo di Umago<\/strong> \u2013 250 atp \u2013 ed invece come accade spesso nel tennis, un disegno bizzarro\u00a0 fatto di stanchezza, rabbia e \u2026 orgoglio (poco per la verit\u00e0), ha portato un<strong> Fabio Fognini<\/strong> apparso stanco e svuotato, al suo terzo appuntamento in finale, contro un solido<strong> Tommy Robredo<\/strong> che senza faticare si \u00e8 imposto con un <strong>6-0, 6-3<\/strong> in poco pi\u00f9 di un\u2019ora di gioco, vincendo il suo dodicesimo titolo in carriera mentre <strong>Andreas Seppi<\/strong> \u00e8 uscito sconfitto, in semifinale, dal vincitore del torneo.<\/p>\n<figure id=\"attachment_3904\" aria-describedby=\"caption-attachment-3904\" style=\"width: 600px\" class=\"wp-caption aligncenter\"><a href=\"https:\/\/www.tenniscup.it\/portale\/wp-content\/uploads\/2013\/08\/umago_foto01.jpg\"><img loading=\"lazy\" class=\"size-full wp-image-3904\" alt=\"Fognini e Robredo durante la premiazione finale\" src=\"https:\/\/www.tenniscup.it\/portale\/wp-content\/uploads\/2013\/08\/umago_foto01.jpg\" width=\"600\" height=\"250\" \/><\/a><figcaption id=\"caption-attachment-3904\" class=\"wp-caption-text\">Fognini e Robredo durante la premiazione finale<\/figcaption><\/figure>\n<p style=\"text-align: justify;\">Nel primo set <strong>Robredo non fa assolutamente nulla di speciale<\/strong>, semplicemente rimanda la palla aspettando che Fabio sbagli; ed avviene spesso perch\u00e9 il primo set dura 20 minuti scarsi e gli errori \u2013 la maggior parte non forzati \u2013 sono veramente tanti. <strong>Nel corso del set Fognini lancia pure la racchetta a terra prendendosi la prima occhiataccia dall\u2019arbitro di sedia<\/strong>; il warning vero e proprio arriver\u00e0 poi nel secondo set. Sul 5 a 0 la folla, pi\u00f9 un manipolo di rumorosi vacanzieri con bimbi piccini e borse frigo che non appassionati tennisti, comincia a manifestare il proprio disappunto accrescendo maggiormente \u2013 e senza fatica! &#8211;\u00a0 il nervosismo di <strong>Fognini<\/strong> che giunge al top all\u2019inizio del secondo set.<\/p>\n<figure id=\"attachment_3908\" aria-describedby=\"caption-attachment-3908\" style=\"width: 600px\" class=\"wp-caption aligncenter\"><a href=\"https:\/\/www.tenniscup.it\/portale\/wp-content\/uploads\/2013\/08\/umago_foto05.jpg\"><img loading=\"lazy\" class=\"size-full wp-image-3908\" alt=\"Lo stadio gremito durante la Finale del torneo Atp 250 di Umago\" src=\"https:\/\/www.tenniscup.it\/portale\/wp-content\/uploads\/2013\/08\/umago_foto05.jpg\" width=\"600\" height=\"250\" srcset=\"https:\/\/www.tenniscup.it\/portale\/wp-content\/uploads\/2013\/08\/umago_foto05.jpg 600w, https:\/\/www.tenniscup.it\/portale\/wp-content\/uploads\/2013\/08\/umago_foto05-300x125.jpg 300w\" sizes=\"(max-width: 600px) 100vw, 600px\" \/><\/a><figcaption id=\"caption-attachment-3908\" class=\"wp-caption-text\">Lo stadio gremito durante la Finale del torneo Atp 250 di Umago<\/figcaption><\/figure>\n<p style=\"text-align: justify;\"><strong>Dal pubblico uno spettatore fa notare, a gran voce, che ha fatto 800 chilometri per vederlo passando pure a qualche insulto;<\/strong> <strong>Fognini<\/strong> lo incenerisce con occhi di brace e gli rivolge un segno inequivocabile:<strong> \u201cVieni gi\u00f9..\u201d<\/strong>. Fortunatamente \u201cl\u2019incidente\u201d \u00e8 superato da un coro di incoraggiamento per <strong>Fabio<\/strong> che riesce a giocare come sa portandosi sul 3 a 2. Nell\u2019avvicinarsi a bordo campo per il cambio non manca di rivolgersi allo spettatore in malo modo, lanciando anche una bottiglietta verso la panchina e guadagnandosi il suo warning! Nonostante il guizzo di orgoglio rimane a tre, <strong>Fabio Fognini;<\/strong> troppo solido e troppo concentrato<strong> Tommy Robredo<\/strong> per poterlo scalfire . E dalla concentrazione e dalla solidit\u00e0 nascono anche i suoi bei colpi; <strong>\u00e8 stato il numero 5 del mondo, un motivo ci sar\u00e0!<\/strong><\/p>\n<figure id=\"attachment_3905\" aria-describedby=\"caption-attachment-3905\" style=\"width: 600px\" class=\"wp-caption aligncenter\"><a href=\"https:\/\/www.tenniscup.it\/portale\/wp-content\/uploads\/2013\/08\/umago_foto02.jpg\"><img loading=\"lazy\" class=\"size-full wp-image-3905\" alt=\"Un Fognini senza pi\u00f9 energie\" src=\"https:\/\/www.tenniscup.it\/portale\/wp-content\/uploads\/2013\/08\/umago_foto02.jpg\" width=\"600\" height=\"250\" srcset=\"https:\/\/www.tenniscup.it\/portale\/wp-content\/uploads\/2013\/08\/umago_foto02.jpg 600w, https:\/\/www.tenniscup.it\/portale\/wp-content\/uploads\/2013\/08\/umago_foto02-300x125.jpg 300w\" sizes=\"(max-width: 600px) 100vw, 600px\" \/><\/a><figcaption id=\"caption-attachment-3905\" class=\"wp-caption-text\">Un Fognini senza pi\u00f9 energie<\/figcaption><\/figure>\n<p style=\"text-align: justify;\">Del resto che <strong>Fabio Fognini<\/strong> fosse stanco era prevedibile, quella di <strong>Umago<\/strong> \u00e8 stata la terza finale in tre settimane dopo i titoli di Amburgo e Stoccarda. Gli italiani avevano sognato il triplete, pur\u00a0 dopo la partita a rischio coronarie (per gli spettatori) con <strong>Gael Monfils<\/strong> vinta al tie break del terzo col punteggio di<strong> 6-0,3-6,7-6(3)<\/strong> dove nel terzo set <strong>Fognini era avanti 5 a 0<\/strong> ed aveva servito tre volte per il match! Comunque, rimane il risultato; rimane la striscia di tante partite vinte consecutive, l\u2019attuale posizione n.16 del ranking da difendere.<\/p>\n<figure id=\"attachment_3909\" aria-describedby=\"caption-attachment-3909\" style=\"width: 600px\" class=\"wp-caption aligncenter\"><a href=\"https:\/\/www.tenniscup.it\/portale\/wp-content\/uploads\/2013\/08\/umago_foto06.jpg\"><img loading=\"lazy\" class=\"size-full wp-image-3909\" alt=\"Gael Monfils gioca a bocce\" src=\"https:\/\/www.tenniscup.it\/portale\/wp-content\/uploads\/2013\/08\/umago_foto06.jpg\" width=\"600\" height=\"250\" srcset=\"https:\/\/www.tenniscup.it\/portale\/wp-content\/uploads\/2013\/08\/umago_foto06.jpg 600w, https:\/\/www.tenniscup.it\/portale\/wp-content\/uploads\/2013\/08\/umago_foto06-300x125.jpg 300w\" sizes=\"(max-width: 600px) 100vw, 600px\" \/><\/a><figcaption id=\"caption-attachment-3909\" class=\"wp-caption-text\">Gael Monfils gioca a bocce<\/figcaption><\/figure>\n<p style=\"text-align: justify;\"><strong>E questo Fognini lo sa;<\/strong> a fine partita si \u00e8 scusato per il brutto incontro, ha mostrato una parlantina che non aspettavamo, ringraziando tutto il pubblico che lo ha sostenuto. Si \u00e8 pure tolto il sassolino dalla scarpa, facendo sinceramente i complimenti a <strong>Tommy Robredo <\/strong>e dicendo ironicamente \u201cbravo\u201d allo spettatore che ha fatto cos\u00ec tanta strada per lui! E\u2019 un professionista..ma \u00e8 pur sempre un ragazzo! <strong>Decisamente imperturbabile invece Andreas Seppi<\/strong>, testa di serie n.2, che supera i primi turni rispettivamente contro l\u2019austriaco <strong>Haider-Mauer<\/strong> ritiratosi al terzo set mentre Seppi conduceva 6-1,4-0 e poi contro <strong>Horacio Zeballos<\/strong> ritiratosi al primo set mentre <strong>Seppi vinceva per 6-5<\/strong>.<\/p>\n<figure id=\"attachment_3906\" aria-describedby=\"caption-attachment-3906\" style=\"width: 600px\" class=\"wp-caption aligncenter\"><a href=\"https:\/\/www.tenniscup.it\/portale\/wp-content\/uploads\/2013\/08\/umago_foto03.jpg\"><img loading=\"lazy\" class=\"size-full wp-image-3906\" alt=\"Dolgopolov durante un allenamento\" src=\"https:\/\/www.tenniscup.it\/portale\/wp-content\/uploads\/2013\/08\/umago_foto03.jpg\" width=\"600\" height=\"250\" srcset=\"https:\/\/www.tenniscup.it\/portale\/wp-content\/uploads\/2013\/08\/umago_foto03.jpg 600w, https:\/\/www.tenniscup.it\/portale\/wp-content\/uploads\/2013\/08\/umago_foto03-300x125.jpg 300w\" sizes=\"(max-width: 600px) 100vw, 600px\" \/><\/a><figcaption id=\"caption-attachment-3906\" class=\"wp-caption-text\">Dolgopolov durante un allenamento<\/figcaption><\/figure>\n<p style=\"text-align: justify;\">Arriva cos\u00ec in semifinale nemmeno troppo stanco e non si risparmia contro colui che sar\u00e0 il vincitore, <strong>Tommy Robredo<\/strong>, perdendo in tre set col punteggio di <strong>6-3,2-6,6-4<\/strong>. Abbiamo sognato anche per lui che ha fatto comunque un buon risultato. In gara un altro italiano, <strong>Paolo Lorenzi<\/strong>, sconfitto al primo turno da<strong> Klizan per 6-2,6-1<\/strong> Un\u2019occhiata anche al doppio per\u00f2,<strong> considerato altro dal tennis che ha pochi ma attenti estimatori!<\/strong> La coppia <strong>Fognini-Starace<\/strong> \u00e8 uscita al primo turno per mano di <strong>De Baker-Junaid<\/strong> col punteggio di\u00a0<strong> 7-5,6-4<\/strong>, cosi\u2019 come<strong> Lorenzi-Ramos<\/strong> battuti da <strong>Begemann &#8211; Emmrich per 7-5,6-0<\/strong>.<\/p>\n<figure id=\"attachment_3907\" aria-describedby=\"caption-attachment-3907\" style=\"width: 600px\" class=\"wp-caption aligncenter\"><a href=\"https:\/\/www.tenniscup.it\/portale\/wp-content\/uploads\/2013\/08\/umago_foto04.jpg\"><img loading=\"lazy\" class=\"size-full wp-image-3907\" alt=\"Berlocq e Zeballos nel doppio\" src=\"https:\/\/www.tenniscup.it\/portale\/wp-content\/uploads\/2013\/08\/umago_foto04.jpg\" width=\"600\" height=\"250\" srcset=\"https:\/\/www.tenniscup.it\/portale\/wp-content\/uploads\/2013\/08\/umago_foto04.jpg 600w, https:\/\/www.tenniscup.it\/portale\/wp-content\/uploads\/2013\/08\/umago_foto04-300x125.jpg 300w\" sizes=\"(max-width: 600px) 100vw, 600px\" \/><\/a><figcaption id=\"caption-attachment-3907\" class=\"wp-caption-text\">Berlocq e Zeballos nel doppio<\/figcaption><\/figure>\n<p style=\"text-align: justify;\"><strong>Seppi e Troicki<\/strong> hanno invece sconfitto al primo turno i croati Coric (in torneo grazie ad una wild card)\u00a0 e Metktic per <strong>7-6,6-1<\/strong> ritirandosi poi dalla gara. Quello che si dice \u201cun bel doppio\u201d quello \u2013 lottatissimo &#8211; disputato dalla coppia <strong>Berlocq \u2013 Zeballos contro i cechi Cermak e Dlouhy e vinto dai primi col risultato di 6-4, 6-7(4)<\/strong>, <strong>10-6. Noi c\u2019eravamo!<\/strong> <strong>Impressionante il movimento a rete, i pallonetti ruotati e velocissimi, i cambi e tutto il repertorio dei colpi\u00a0 e delle strategie di cui \u2013 bisogna dirlo \u2013 il tennis singolare non sempre fa uso.<\/strong> Nella finale ad esempio <strong>Robredo<\/strong> in due set ha fatto solo una palla corta ed una vol\u00e8, affidandosi sempre e solo al suo solido e potente gioco da fondo campo. Il doppio \u00e8 un altro tennis, un altro gioco \u2026 forse un altro sport! E non ci sono protagonisti sconosciuti, sopra tutti c\u2019\u00e8 <strong>Zeballos<\/strong> che ha un nome da ultimo nel registro di classe e che ha vinto un solo torneo Atp in carriera, uno solo ma degno di nota.<\/p>\n<figure id=\"attachment_3913\" aria-describedby=\"caption-attachment-3913\" style=\"width: 600px\" class=\"wp-caption aligncenter\"><a href=\"https:\/\/www.tenniscup.it\/portale\/wp-content\/uploads\/2013\/08\/umago_foto11.jpg\"><img loading=\"lazy\" class=\"size-full wp-image-3913\" alt=\"Doppio in corso!\" src=\"https:\/\/www.tenniscup.it\/portale\/wp-content\/uploads\/2013\/08\/umago_foto11.jpg\" width=\"600\" height=\"250\" srcset=\"https:\/\/www.tenniscup.it\/portale\/wp-content\/uploads\/2013\/08\/umago_foto11.jpg 600w, https:\/\/www.tenniscup.it\/portale\/wp-content\/uploads\/2013\/08\/umago_foto11-300x125.jpg 300w\" sizes=\"(max-width: 600px) 100vw, 600px\" \/><\/a><figcaption id=\"caption-attachment-3913\" class=\"wp-caption-text\">Doppio in corso!<\/figcaption><\/figure>\n<p style=\"text-align: justify;\"><strong>Zeballos<\/strong> ce lo ricordiamo perch\u00e9 ha sconfitto in finale a <strong>Vina del Mar il re della terra rossa Rafa Nadal col punteggio di 6-7,7-6,6-4!<\/strong> I risultati migliori li ha avuti per\u00f2 nel doppio, \u00e8 stato anche partner di <strong>Bolelli<\/strong> vincendo nel 2011 il BMW Open e nel 2010 ha raggiunto la semifinale degli Us Open in coppia con l\u2019argentino <strong>Eduardo Schwank<\/strong>. Per Berlocq invece ci affidiamo a risultati pi\u00f9 recenti, il 14 luglio ha vinto lo Swedish Open, in singolare, battendo in finale<strong> Fernando Verdasco<\/strong>. E\u2019 il suo primo titolo Atp.<\/p>\n<figure id=\"attachment_3912\" aria-describedby=\"caption-attachment-3912\" style=\"width: 600px\" class=\"wp-caption aligncenter\"><a href=\"https:\/\/www.tenniscup.it\/portale\/wp-content\/uploads\/2013\/08\/umago_foto10.jpg\"><img loading=\"lazy\" class=\"size-full wp-image-3912\" alt=\"Finale Pirotecnico!\" src=\"https:\/\/www.tenniscup.it\/portale\/wp-content\/uploads\/2013\/08\/umago_foto10.jpg\" width=\"600\" height=\"250\" srcset=\"https:\/\/www.tenniscup.it\/portale\/wp-content\/uploads\/2013\/08\/umago_foto10.jpg 600w, https:\/\/www.tenniscup.it\/portale\/wp-content\/uploads\/2013\/08\/umago_foto10-300x125.jpg 300w\" sizes=\"(max-width: 600px) 100vw, 600px\" \/><\/a><figcaption id=\"caption-attachment-3912\" class=\"wp-caption-text\">Finale Pirotecnico!<\/figcaption><\/figure>\n<p style=\"text-align: justify;\"><strong>Lukas Dlouhy, tanto in sovrappeso quanto simpatico!, \u00e8 un ottimo doppista.<\/strong> E\u2019 stato n.5 del mondo in doppio nel 2009\u00a0 anno in cui <strong>ha vinto il Roland Garros\u00a0 e gli Us Open (in coppia con l\u2019indiano Leander Paes, n.1 nel doppio nel 1999) <\/strong>ed ha raggiunto la semifinale agli Australian Open. <strong>Cermak<\/strong> \u00e8 un altro specialista di doppio, ha raggiunto 49 finali\u00a0 vincendone 29 ed il suo miglior ranking \u00e8 stato il n.14, nel 2010. Fa parte della squadra di Davis della Repubblica Ceca, vincitrice nel 2012. <strong>Quest\u2019anno, in coppia con Lucie Hradecka, ha vinto il Roland Garros, nel doppio misto<\/strong>. Tra aspettative, sogni, la bandiera italiana diligentemente piegata nello zaino salutiamo <strong>Umago<\/strong> nel fragore dei fuochi d\u2019artificio, a fine serata. <strong>Un ricordo sopra tutti ed una curiosit\u00e0: Gael Monfils nel campo da tennis, a fine allenamento, insieme agli amici gioca a bocce<\/strong> con le palline e <strong>Tommy Robredo..si chiama proprio Tommy, non \u00e8 un diminutivo. Pare che il padre fosse un grande estimatore degli Who e della loro celebre opera rock!<\/strong><\/p>\n","protected":false},"excerpt":{"rendered":"<p>Poteva essere la finale delle finali, con due italiani, Seppi e Fognini,\u00a0 a contendersi\u00a0 la vittoria del torneo di Umago \u2013 250 atp \u2013 ed invece come accade spesso nel tennis, un disegno bizzarro\u00a0 fatto di stanchezza, rabbia e \u2026 orgoglio (poco per la verit\u00e0), ha portato un Fabio Fognini apparso stanco e svuotato, al&#8230;<\/p>\n","protected":false},"author":2,"featured_media":3910,"comment_status":"closed","ping_status":"open","sticky":false,"template":"","format":"standard","meta":{"spay_email":""},"categories":[1202],"tags":[103,244,340,401,724,868,1099,1100,1110,1127,1150],"yoast_head":"<!-- This site is optimized with the Yoast SEO plugin v18.2 - https:\/\/yoast.com\/wordpress\/plugins\/seo\/ -->\n<title>L\u2019ITALIA s\u2019\u00e8 desta: FOGNINI sfiora il triplete ad UMAGO - TENNISCUP - Stagione 2026 - 27\u00b0 Anno - Tennis Pavia<\/title>\n<meta name=\"robots\" content=\"index, follow, max-snippet:-1, max-image-preview:large, max-video-preview:-1\" \/>\n<link rel=\"canonical\" href=\"https:\/\/www.tenniscup.it\/portale\/2013\/08\/01\/litalia-se-desta-fognini-sfiora-il-triplete-ad-umago\/\" \/>\n<meta property=\"og:locale\" content=\"it_IT\" \/>\n<meta property=\"og:type\" content=\"article\" \/>\n<meta property=\"og:title\" content=\"L\u2019ITALIA s\u2019\u00e8 desta: FOGNINI sfiora il triplete ad UMAGO - TENNISCUP - Stagione 2026 - 27\u00b0 Anno - Tennis Pavia\" \/>\n<meta property=\"og:description\" content=\"Poteva essere la finale delle finali, con due italiani, Seppi e Fognini,\u00a0 a contendersi\u00a0 la vittoria del torneo di Umago \u2013 250 atp \u2013 ed invece come accade spesso nel tennis, un disegno bizzarro\u00a0 fatto di stanchezza, rabbia e \u2026 orgoglio (poco per la verit\u00e0), ha portato un Fabio Fognini apparso stanco e svuotato, al...\" \/>\n<meta property=\"og:url\" content=\"https:\/\/www.tenniscup.it\/portale\/2013\/08\/01\/litalia-se-desta-fognini-sfiora-il-triplete-ad-umago\/\" \/>\n<meta property=\"og:site_name\" content=\"TENNISCUP - Stagione 2026 - 27\u00b0 Anno - Tennis Pavia\" \/>\n<meta property=\"article:published_time\" content=\"2013-08-01T19:00:45+00:00\" \/>\n<meta property=\"article:modified_time\" content=\"2019-08-12T13:36:08+00:00\" \/>\n<meta property=\"og:image\" content=\"https:\/\/www.tenniscup.it\/portale\/wp-content\/uploads\/2013\/08\/umago_slideshow.jpg\" \/>\n\t<meta property=\"og:image:width\" content=\"750\" \/>\n\t<meta property=\"og:image:height\" content=\"279\" \/>\n\t<meta property=\"og:image:type\" content=\"image\/jpeg\" \/>\n<meta name=\"twitter:card\" content=\"summary_large_image\" \/>\n<meta name=\"twitter:label1\" content=\"Scritto da\" \/>\n\t<meta name=\"twitter:data1\" content=\"TennisCup\" \/>\n\t<meta name=\"twitter:label2\" content=\"Tempo di lettura stimato\" \/>\n\t<meta name=\"twitter:data2\" content=\"6 minuti\" \/>\n<script type=\"application\/ld+json\" class=\"yoast-schema-graph\">{\"@context\":\"https:\/\/schema.org\",\"@graph\":[{\"@type\":\"WebSite\",\"@id\":\"https:\/\/www.tenniscup.it\/portale\/#website\",\"url\":\"https:\/\/www.tenniscup.it\/portale\/\",\"name\":\"TENNISCUP - Stagione 2026 - 27\u00b0 Anno - Tennis Pavia\",\"description\":\"Is a Lover Tennis Championship\",\"potentialAction\":[{\"@type\":\"SearchAction\",\"target\":{\"@type\":\"EntryPoint\",\"urlTemplate\":\"https:\/\/www.tenniscup.it\/portale\/?s={search_term_string}\"},\"query-input\":\"required name=search_term_string\"}],\"inLanguage\":\"it-IT\"},{\"@type\":\"ImageObject\",\"@id\":\"https:\/\/www.tenniscup.it\/portale\/2013\/08\/01\/litalia-se-desta-fognini-sfiora-il-triplete-ad-umago\/#primaryimage\",\"inLanguage\":\"it-IT\",\"url\":\"https:\/\/www.tenniscup.it\/portale\/wp-content\/uploads\/2013\/08\/umago_slideshow.jpg\",\"contentUrl\":\"https:\/\/www.tenniscup.it\/portale\/wp-content\/uploads\/2013\/08\/umago_slideshow.jpg\",\"width\":750,\"height\":279},{\"@type\":\"WebPage\",\"@id\":\"https:\/\/www.tenniscup.it\/portale\/2013\/08\/01\/litalia-se-desta-fognini-sfiora-il-triplete-ad-umago\/#webpage\",\"url\":\"https:\/\/www.tenniscup.it\/portale\/2013\/08\/01\/litalia-se-desta-fognini-sfiora-il-triplete-ad-umago\/\",\"name\":\"L\u2019ITALIA s\u2019\u00e8 desta: FOGNINI sfiora il triplete ad UMAGO - TENNISCUP - Stagione 2026 - 27\u00b0 Anno - Tennis Pavia\",\"isPartOf\":{\"@id\":\"https:\/\/www.tenniscup.it\/portale\/#website\"},\"primaryImageOfPage\":{\"@id\":\"https:\/\/www.tenniscup.it\/portale\/2013\/08\/01\/litalia-se-desta-fognini-sfiora-il-triplete-ad-umago\/#primaryimage\"},\"datePublished\":\"2013-08-01T19:00:45+00:00\",\"dateModified\":\"2019-08-12T13:36:08+00:00\",\"author\":{\"@id\":\"https:\/\/www.tenniscup.it\/portale\/#\/schema\/person\/488217b0da1f8f6f474fcdd840c59b50\"},\"breadcrumb\":{\"@id\":\"https:\/\/www.tenniscup.it\/portale\/2013\/08\/01\/litalia-se-desta-fognini-sfiora-il-triplete-ad-umago\/#breadcrumb\"},\"inLanguage\":\"it-IT\",\"potentialAction\":[{\"@type\":\"ReadAction\",\"target\":[\"https:\/\/www.tenniscup.it\/portale\/2013\/08\/01\/litalia-se-desta-fognini-sfiora-il-triplete-ad-umago\/\"]}]},{\"@type\":\"BreadcrumbList\",\"@id\":\"https:\/\/www.tenniscup.it\/portale\/2013\/08\/01\/litalia-se-desta-fognini-sfiora-il-triplete-ad-umago\/#breadcrumb\",\"itemListElement\":[{\"@type\":\"ListItem\",\"position\":1,\"name\":\"Home\",\"item\":\"https:\/\/www.tenniscup.it\/portale\/\"},{\"@type\":\"ListItem\",\"position\":2,\"name\":\"L\u2019ITALIA s\u2019\u00e8 desta: FOGNINI sfiora il triplete ad UMAGO\"}]},{\"@type\":\"Person\",\"@id\":\"https:\/\/www.tenniscup.it\/portale\/#\/schema\/person\/488217b0da1f8f6f474fcdd840c59b50\",\"name\":\"TennisCup\",\"image\":{\"@type\":\"ImageObject\",\"@id\":\"https:\/\/www.tenniscup.it\/portale\/#personlogo\",\"inLanguage\":\"it-IT\",\"url\":\"https:\/\/secure.gravatar.com\/avatar\/50919f356ac00826a8d93f14e2196783?s=96&d=mm&r=g\",\"contentUrl\":\"https:\/\/secure.gravatar.com\/avatar\/50919f356ac00826a8d93f14e2196783?s=96&d=mm&r=g\",\"caption\":\"TennisCup\"},\"url\":\"https:\/\/www.tenniscup.it\/portale\/author\/tenniscup\/\"}]}<\/script>\n<!-- \/ Yoast SEO plugin. -->","yoast_head_json":{"title":"L\u2019ITALIA s\u2019\u00e8 desta: FOGNINI sfiora il triplete ad UMAGO - TENNISCUP - Stagione 2026 - 27\u00b0 Anno - Tennis Pavia","robots":{"index":"index","follow":"follow","max-snippet":"max-snippet:-1","max-image-preview":"max-image-preview:large","max-video-preview":"max-video-preview:-1"},"canonical":"https:\/\/www.tenniscup.it\/portale\/2013\/08\/01\/litalia-se-desta-fognini-sfiora-il-triplete-ad-umago\/","og_locale":"it_IT","og_type":"article","og_title":"L\u2019ITALIA s\u2019\u00e8 desta: FOGNINI sfiora il triplete ad UMAGO - TENNISCUP - Stagione 2026 - 27\u00b0 Anno - Tennis Pavia","og_description":"Poteva essere la finale delle finali, con due italiani, Seppi e Fognini,\u00a0 a contendersi\u00a0 la vittoria del torneo di Umago \u2013 250 atp \u2013 ed invece come accade spesso nel tennis, un disegno bizzarro\u00a0 fatto di stanchezza, rabbia e \u2026 orgoglio (poco per la verit\u00e0), ha portato un Fabio Fognini apparso stanco e svuotato, al...","og_url":"https:\/\/www.tenniscup.it\/portale\/2013\/08\/01\/litalia-se-desta-fognini-sfiora-il-triplete-ad-umago\/","og_site_name":"TENNISCUP - Stagione 2026 - 27\u00b0 Anno - Tennis Pavia","article_published_time":"2013-08-01T19:00:45+00:00","article_modified_time":"2019-08-12T13:36:08+00:00","og_image":[{"width":750,"height":279,"url":"https:\/\/www.tenniscup.it\/portale\/wp-content\/uploads\/2013\/08\/umago_slideshow.jpg","type":"image\/jpeg"}],"twitter_card":"summary_large_image","twitter_misc":{"Scritto da":"TennisCup","Tempo di lettura stimato":"6 minuti"},"schema":{"@context":"https:\/\/schema.org","@graph":[{"@type":"WebSite","@id":"https:\/\/www.tenniscup.it\/portale\/#website","url":"https:\/\/www.tenniscup.it\/portale\/","name":"TENNISCUP - Stagione 2026 - 27\u00b0 Anno - Tennis Pavia","description":"Is a Lover Tennis Championship","potentialAction":[{"@type":"SearchAction","target":{"@type":"EntryPoint","urlTemplate":"https:\/\/www.tenniscup.it\/portale\/?s={search_term_string}"},"query-input":"required name=search_term_string"}],"inLanguage":"it-IT"},{"@type":"ImageObject","@id":"https:\/\/www.tenniscup.it\/portale\/2013\/08\/01\/litalia-se-desta-fognini-sfiora-il-triplete-ad-umago\/#primaryimage","inLanguage":"it-IT","url":"https:\/\/www.tenniscup.it\/portale\/wp-content\/uploads\/2013\/08\/umago_slideshow.jpg","contentUrl":"https:\/\/www.tenniscup.it\/portale\/wp-content\/uploads\/2013\/08\/umago_slideshow.jpg","width":750,"height":279},{"@type":"WebPage","@id":"https:\/\/www.tenniscup.it\/portale\/2013\/08\/01\/litalia-se-desta-fognini-sfiora-il-triplete-ad-umago\/#webpage","url":"https:\/\/www.tenniscup.it\/portale\/2013\/08\/01\/litalia-se-desta-fognini-sfiora-il-triplete-ad-umago\/","name":"L\u2019ITALIA s\u2019\u00e8 desta: FOGNINI sfiora il triplete ad UMAGO - TENNISCUP - Stagione 2026 - 27\u00b0 Anno - Tennis Pavia","isPartOf":{"@id":"https:\/\/www.tenniscup.it\/portale\/#website"},"primaryImageOfPage":{"@id":"https:\/\/www.tenniscup.it\/portale\/2013\/08\/01\/litalia-se-desta-fognini-sfiora-il-triplete-ad-umago\/#primaryimage"},"datePublished":"2013-08-01T19:00:45+00:00","dateModified":"2019-08-12T13:36:08+00:00","author":{"@id":"https:\/\/www.tenniscup.it\/portale\/#\/schema\/person\/488217b0da1f8f6f474fcdd840c59b50"},"breadcrumb":{"@id":"https:\/\/www.tenniscup.it\/portale\/2013\/08\/01\/litalia-se-desta-fognini-sfiora-il-triplete-ad-umago\/#breadcrumb"},"inLanguage":"it-IT","potentialAction":[{"@type":"ReadAction","target":["https:\/\/www.tenniscup.it\/portale\/2013\/08\/01\/litalia-se-desta-fognini-sfiora-il-triplete-ad-umago\/"]}]},{"@type":"BreadcrumbList","@id":"https:\/\/www.tenniscup.it\/portale\/2013\/08\/01\/litalia-se-desta-fognini-sfiora-il-triplete-ad-umago\/#breadcrumb","itemListElement":[{"@type":"ListItem","position":1,"name":"Home","item":"https:\/\/www.tenniscup.it\/portale\/"},{"@type":"ListItem","position":2,"name":"L\u2019ITALIA s\u2019\u00e8 desta: FOGNINI sfiora il triplete ad UMAGO"}]},{"@type":"Person","@id":"https:\/\/www.tenniscup.it\/portale\/#\/schema\/person\/488217b0da1f8f6f474fcdd840c59b50","name":"TennisCup","image":{"@type":"ImageObject","@id":"https:\/\/www.tenniscup.it\/portale\/#personlogo","inLanguage":"it-IT","url":"https:\/\/secure.gravatar.com\/avatar\/50919f356ac00826a8d93f14e2196783?s=96&d=mm&r=g","contentUrl":"https:\/\/secure.gravatar.com\/avatar\/50919f356ac00826a8d93f14e2196783?s=96&d=mm&r=g","caption":"TennisCup"},"url":"https:\/\/www.tenniscup.it\/portale\/author\/tenniscup\/"}]}},"jetpack_featured_media_url":"https:\/\/www.tenniscup.it\/portale\/wp-content\/uploads\/2013\/08\/umago_slideshow.jpg","_links":{"self":[{"href":"https:\/\/www.tenniscup.it\/portale\/wp-json\/wp\/v2\/posts\/3899"}],"collection":[{"href":"https:\/\/www.tenniscup.it\/portale\/wp-json\/wp\/v2\/posts"}],"about":[{"href":"https:\/\/www.tenniscup.it\/portale\/wp-json\/wp\/v2\/types\/post"}],"author":[{"embeddable":true,"href":"https:\/\/www.tenniscup.it\/portale\/wp-json\/wp\/v2\/users\/2"}],"replies":[{"embeddable":true,"href":"https:\/\/www.tenniscup.it\/portale\/wp-json\/wp\/v2\/comments?post=3899"}],"version-history":[{"count":1,"href":"https:\/\/www.tenniscup.it\/portale\/wp-json\/wp\/v2\/posts\/3899\/revisions"}],"predecessor-version":[{"id":14126,"href":"https:\/\/www.tenniscup.it\/portale\/wp-json\/wp\/v2\/posts\/3899\/revisions\/14126"}],"wp:featuredmedia":[{"embeddable":true,"href":"https:\/\/www.tenniscup.it\/portale\/wp-json\/wp\/v2\/media\/3910"}],"wp:attachment":[{"href":"https:\/\/www.tenniscup.it\/portale\/wp-json\/wp\/v2\/media?parent=3899"}],"wp:term":[{"taxonomy":"category","embeddable":true,"href":"https:\/\/www.tenniscup.it\/portale\/wp-json\/wp\/v2\/categories?post=3899"},{"taxonomy":"post_tag","embeddable":true,"href":"https:\/\/www.tenniscup.it\/portale\/wp-json\/wp\/v2\/tags?post=3899"}],"curies":[{"name":"wp","href":"https:\/\/api.w.org\/{rel}","templated":true}]}}