{"id":29856,"date":"2026-09-02T08:54:31","date_gmt":"2026-09-02T06:54:31","guid":{"rendered":"https:\/\/www.tenniscup.it\/portale\/?p=29856"},"modified":"2026-09-02T09:03:26","modified_gmt":"2026-09-02T07:03:26","slug":"la-prima-serata-del-giallo-37-mette-sul-trono-riccardi-e-sala-sul-filo-dellequilibrio-contro-i-rookie-galioto-e-minicuci","status":"publish","type":"post","link":"https:\/\/www.tenniscup.it\/portale\/2026\/09\/02\/la-prima-serata-del-giallo-37-mette-sul-trono-riccardi-e-sala-sul-filo-dellequilibrio-contro-i-rookie-galioto-e-minicuci\/","title":{"rendered":"La prima serata del GIALLO 37 mette sul &#8220;trono&#8221; RICCARDI e SALA sul filo dell&#8217;equilibrio contro i &#8220;rookie&#8221; GALIOTO e MINICUCI"},"content":{"rendered":"\t\t<div data-elementor-type=\"wp-post\" data-elementor-id=\"29856\" class=\"elementor elementor-29856\" data-elementor-settings=\"[]\">\n\t\t\t\t\t\t<div class=\"elementor-inner\">\n\t\t\t\t\t\t\t<div class=\"elementor-section-wrap\">\n\t\t\t\t\t\t\t<section class=\"elementor-section elementor-top-section elementor-element elementor-element-257dbfb elementor-section-boxed elementor-section-height-default elementor-section-height-default\" data-id=\"257dbfb\" data-element_type=\"section\">\n\t\t\t\t\t\t<div class=\"elementor-container elementor-column-gap-default\">\n\t\t\t\t\t\t\t<div class=\"elementor-row\">\n\t\t\t\t\t<div class=\"elementor-column elementor-col-100 elementor-top-column elementor-element elementor-element-4851435\" data-id=\"4851435\" data-element_type=\"column\">\n\t\t\t<div class=\"elementor-column-wrap elementor-element-populated\">\n\t\t\t\t\t\t\t<div class=\"elementor-widget-wrap\">\n\t\t\t\t\t\t<div class=\"elementor-element elementor-element-99d091d elementor-widget elementor-widget-text-editor\" data-id=\"99d091d\" data-element_type=\"widget\" data-widget_type=\"text-editor.default\">\n\t\t\t\t<div class=\"elementor-widget-container\">\n\t\t\t\t\t\t\t\t<div class=\"elementor-text-editor elementor-clearfix\">\n\t\t\t\t<p>Via alla <strong>37\u00b0 edizione del<\/strong> <strong>TORNEO GIALLO<\/strong> primo evento della seconda parte della stagione 2026 di <strong>TENNISCUP<\/strong>. La serata del gruppo<em> &#8220;Preliminare&#8221;<\/em> non delude le attese con un primo match molto equilibrato dove <strong>RICCARDI e SALA<\/strong> trovano lo sprint finale per aggiudicarsi (7-5) la prima sfida contro i &#8220;debuttanti&#8221; <strong>GALIOTO e MINICUCI<\/strong>, nel secondo match questo duo riesce a battere (7-5) la coppia <strong>NIERI GERACI e CARNEVALI<\/strong> mantenendo tutte e tre le coppie ancora in lizza per la qualificazione, risolvono il rebus a loro favore <strong>RICCARDI e SALA<\/strong> che chiudono il discorso qualificazione battendo nettamente (6-2) <strong>NIERI GERACI e CARNEVALI<\/strong>.\u00a0\u00a0<\/p>\t\t\t\t\t<\/div>\n\t\t\t\t\t\t<\/div>\n\t\t\t\t<\/div>\n\t\t\t\t<div class=\"elementor-element elementor-element-dcf952e elementor-widget elementor-widget-image\" data-id=\"dcf952e\" data-element_type=\"widget\" data-widget_type=\"image.default\">\n\t\t\t\t<div class=\"elementor-widget-container\">\n\t\t\t\t\t\t\t\t<div class=\"elementor-image\">\n\t\t\t\t\t\t\t\t\t<figure class=\"wp-caption\">\n\t\t\t\t\t\t\t\t\t\t<img width=\"800\" height=\"480\" src=\"https:\/\/www.tenniscup.it\/portale\/wp-content\/uploads\/2026\/09\/G37_day1_01.jpg\" class=\"attachment-large size-large\" alt=\"\" loading=\"lazy\" srcset=\"https:\/\/www.tenniscup.it\/portale\/wp-content\/uploads\/2026\/09\/G37_day1_01.jpg 1000w, https:\/\/www.tenniscup.it\/portale\/wp-content\/uploads\/2026\/09\/G37_day1_01-300x180.jpg 300w, https:\/\/www.tenniscup.it\/portale\/wp-content\/uploads\/2026\/09\/G37_day1_01-768x461.jpg 768w, https:\/\/www.tenniscup.it\/portale\/wp-content\/uploads\/2026\/09\/G37_day1_01-128x77.jpg 128w, https:\/\/www.tenniscup.it\/portale\/wp-content\/uploads\/2026\/09\/G37_day1_01-32x19.jpg 32w\" sizes=\"(max-width: 800px) 100vw, 800px\" \/>\t\t\t\t\t\t\t\t\t\t\t<figcaption class=\"widget-image-caption wp-caption-text\">Le coppie sfidanti di questa serata<\/figcaption>\n\t\t\t\t\t\t\t\t\t\t<\/figure>\n\t\t\t\t\t\t\t\t<\/div>\n\t\t\t\t\t\t<\/div>\n\t\t\t\t<\/div>\n\t\t\t\t<div class=\"elementor-element elementor-element-40cafbf elementor-widget elementor-widget-heading\" data-id=\"40cafbf\" data-element_type=\"widget\" data-widget_type=\"heading.default\">\n\t\t\t\t<div class=\"elementor-widget-container\">\n\t\t\t<h1 class=\"elementor-heading-title elementor-size-small\">RICCARDI e SALA battono GALIOTO e MINICUCI\n(7-5)<\/h1>\t\t<\/div>\n\t\t\t\t<\/div>\n\t\t\t\t<div class=\"elementor-element elementor-element-60fe436 elementor-widget elementor-widget-text-editor\" data-id=\"60fe436\" data-element_type=\"widget\" data-widget_type=\"text-editor.default\">\n\t\t\t\t<div class=\"elementor-widget-container\">\n\t\t\t\t\t\t\t\t<div class=\"elementor-text-editor elementor-clearfix\">\n\t\t\t\t<p>Primo match del torneo con l&#8217;ingresso di due nuovi giocatori in <strong>Tenniscup<\/strong> come <strong>Silvestre Galioto e Giancarlo Minicuci<\/strong> opposti a Riccardi e Sala, inizio equilibrato fino al <strong>2-2<\/strong> con entrambe le coppie in fase di intesa, si vede gi\u00e0 una certa sicurezza nel servizio di <strong>Riccardi<\/strong> ma anche gli altri protagonisti in alcuni game non sono da meno, <strong>Sala<\/strong> aumenta il ritmo e c&#8217;\u00e8 il primo break che porta la coppia sul <strong>4-2,<\/strong> <strong>Galioto<\/strong> tiene bene il turno di servizio e rimane in scia sul <strong>3-4<\/strong> ma sul <strong>5-3<\/strong> grazie ad un <strong>Riccardi<\/strong> infallibile sembra creare il solco decisivo, sono bravi <strong>Galioto e Minicuci<\/strong> a rimontare creando le opportunit\u00e0 giuste con tempi perfetti di approccio alla rete, si arriva sul <strong>5-5<\/strong> quando c&#8217;\u00e8 un break da parte di un ottimo <strong>Sala<\/strong> e del <em>&#8220;mancino&#8221;<\/em> <strong>Riccardi<\/strong> che ormai sembra avere trovato il ritmo di diritto, nel finale per\u00f2 <strong>Galioto e Minicuci<\/strong> sprecano due palle break per il tiebreak e alla fine cedono<strong> 7-5<\/strong> consegnando la vittoria nel primo match a <strong>Riccardi e Sala<\/strong>.\u00a0<\/p>\t\t\t\t\t<\/div>\n\t\t\t\t\t\t<\/div>\n\t\t\t\t<\/div>\n\t\t\t\t<div class=\"elementor-element elementor-element-fa853a8 elementor-widget elementor-widget-image\" data-id=\"fa853a8\" data-element_type=\"widget\" data-widget_type=\"image.default\">\n\t\t\t\t<div class=\"elementor-widget-container\">\n\t\t\t\t\t\t\t\t<div class=\"elementor-image\">\n\t\t\t\t\t\t\t\t\t<figure class=\"wp-caption\">\n\t\t\t\t\t\t\t\t\t\t<img width=\"800\" height=\"480\" src=\"https:\/\/www.tenniscup.it\/portale\/wp-content\/uploads\/2026\/09\/G37_day1_03.jpg\" class=\"attachment-large size-large\" alt=\"\" loading=\"lazy\" srcset=\"https:\/\/www.tenniscup.it\/portale\/wp-content\/uploads\/2026\/09\/G37_day1_03.jpg 1000w, https:\/\/www.tenniscup.it\/portale\/wp-content\/uploads\/2026\/09\/G37_day1_03-300x180.jpg 300w, https:\/\/www.tenniscup.it\/portale\/wp-content\/uploads\/2026\/09\/G37_day1_03-768x461.jpg 768w, https:\/\/www.tenniscup.it\/portale\/wp-content\/uploads\/2026\/09\/G37_day1_03-128x77.jpg 128w, https:\/\/www.tenniscup.it\/portale\/wp-content\/uploads\/2026\/09\/G37_day1_03-32x19.jpg 32w\" sizes=\"(max-width: 800px) 100vw, 800px\" \/>\t\t\t\t\t\t\t\t\t\t\t<figcaption class=\"widget-image-caption wp-caption-text\">Gianluca Sala in azione<\/figcaption>\n\t\t\t\t\t\t\t\t\t\t<\/figure>\n\t\t\t\t\t\t\t\t<\/div>\n\t\t\t\t\t\t<\/div>\n\t\t\t\t<\/div>\n\t\t\t\t<div class=\"elementor-element elementor-element-96540fb elementor-widget elementor-widget-heading\" data-id=\"96540fb\" data-element_type=\"widget\" data-widget_type=\"heading.default\">\n\t\t\t\t<div class=\"elementor-widget-container\">\n\t\t\t<h1 class=\"elementor-heading-title elementor-size-small\">GALIOTO e MINICUCI battono NIERI GERACI e CARNEVALI  (7-5)<\/h1>\t\t<\/div>\n\t\t\t\t<\/div>\n\t\t\t\t<div class=\"elementor-element elementor-element-797340b elementor-widget elementor-widget-text-editor\" data-id=\"797340b\" data-element_type=\"widget\" data-widget_type=\"text-editor.default\">\n\t\t\t\t<div class=\"elementor-widget-container\">\n\t\t\t\t\t\t\t\t<div class=\"elementor-text-editor elementor-clearfix\">\n\t\t\t\t<p>Secondo match dove entrano in gioco <strong>Roberto Nieri Geraci e Pierangelo Carnevali<\/strong>, i due sembrano alla ricerca di un intesa che non verr\u00e0 mai in questa serata, iniziano benino fino al <strong>2-2<\/strong> ma poi sprofondano soggiogati dalla regolarit\u00e0 e posizione di <strong>Galioto e Minicuci<\/strong> che arrivano fino al <strong>5-2<\/strong> in loro favore, finalmente inizia una lenta rimonta di <strong>Nieri Geraci e Carnevali<\/strong> grazie anche ad un p\u00f2 di iniziativa in pi\u00f9 che li mette in grado di chiudere pi\u00f9 punti a rete e di creare pi\u00f9 gioco a loro favorevole, dura lo spazio di un<strong> 5-5<\/strong> che sembra rimettere le cose a posto ma \u00e8 solo un impressione, nel finale la giustezza e furbizia di <strong>Galioto<\/strong> e qualche sortita giusta a rete di <strong>Minicuci<\/strong> chiudono il match a loro favore per <strong>7-5<\/strong> rimandando i verdetti all&#8217;ultimo match.<\/p>\t\t\t\t\t<\/div>\n\t\t\t\t\t\t<\/div>\n\t\t\t\t<\/div>\n\t\t\t\t<div class=\"elementor-element elementor-element-adef36b elementor-widget elementor-widget-image\" data-id=\"adef36b\" data-element_type=\"widget\" data-widget_type=\"image.default\">\n\t\t\t\t<div class=\"elementor-widget-container\">\n\t\t\t\t\t\t\t\t<div class=\"elementor-image\">\n\t\t\t\t\t\t\t\t\t<figure class=\"wp-caption\">\n\t\t\t\t\t\t\t\t\t\t<img width=\"800\" height=\"480\" src=\"https:\/\/www.tenniscup.it\/portale\/wp-content\/uploads\/2026\/09\/G37_day1_04.jpg\" class=\"attachment-large size-large\" alt=\"\" loading=\"lazy\" srcset=\"https:\/\/www.tenniscup.it\/portale\/wp-content\/uploads\/2026\/09\/G37_day1_04.jpg 1000w, https:\/\/www.tenniscup.it\/portale\/wp-content\/uploads\/2026\/09\/G37_day1_04-300x180.jpg 300w, https:\/\/www.tenniscup.it\/portale\/wp-content\/uploads\/2026\/09\/G37_day1_04-768x461.jpg 768w, https:\/\/www.tenniscup.it\/portale\/wp-content\/uploads\/2026\/09\/G37_day1_04-128x77.jpg 128w, https:\/\/www.tenniscup.it\/portale\/wp-content\/uploads\/2026\/09\/G37_day1_04-32x19.jpg 32w\" sizes=\"(max-width: 800px) 100vw, 800px\" \/>\t\t\t\t\t\t\t\t\t\t\t<figcaption class=\"widget-image-caption wp-caption-text\">Sala e Riccardi battono di misura Galioto e Minicuci <\/figcaption>\n\t\t\t\t\t\t\t\t\t\t<\/figure>\n\t\t\t\t\t\t\t\t<\/div>\n\t\t\t\t\t\t<\/div>\n\t\t\t\t<\/div>\n\t\t\t\t<div class=\"elementor-element elementor-element-b9c8b2a elementor-widget elementor-widget-heading\" data-id=\"b9c8b2a\" data-element_type=\"widget\" data-widget_type=\"heading.default\">\n\t\t\t\t<div class=\"elementor-widget-container\">\n\t\t\t<h1 class=\"elementor-heading-title elementor-size-small\">RICCARDI e SALA battono NIERI GERACI e CARNEVALI (6-2)<\/h1>\t\t<\/div>\n\t\t\t\t<\/div>\n\t\t\t\t<div class=\"elementor-element elementor-element-880cbf2 elementor-widget elementor-widget-text-editor\" data-id=\"880cbf2\" data-element_type=\"widget\" data-widget_type=\"text-editor.default\">\n\t\t\t\t<div class=\"elementor-widget-container\">\n\t\t\t\t\t\t\t\t<div class=\"elementor-text-editor elementor-clearfix\">\n\t\t\t\t<p>Epilogo della serata che decide la qualificazione al gruppo <em>&#8220;ZEBALLOS &amp; GRANOLLERS&#8221;<\/em> con un match quasi a senso unico, buona partenza di <strong>Nieri Geraci e Carnevali<\/strong> che si portano sul <strong>2-1<\/strong> ma come al solito sono piccoli sprazzi all&#8217;interno di una partita che prende ben presto un altra piega, <strong>Sala<\/strong> \u00e8 in grande spolvero e riesce a mettere a segno diversi punti pregevoli, <strong>Riccardi<\/strong> sempre efficace al servizio non perdona con il suo diritto sempre pronto a sfruttare l&#8217;occasione giusta, prima <strong>4-2<\/strong> in loro favore e poi velocemente arriva il<strong> 5-2<\/strong> senza possibilit\u00e0 di replica per <strong>Nieri Geraci e Carnevali<\/strong> che devono soccombere <strong>6-2<\/strong> con la coppia <strong>Riccardi e Sala<\/strong> che finisce in crescendo e si qualifica nel tabellone principale dopo una serata che gli consegna solo certezze, ora si prosegue con con altre serate che sicuramente promettono incertezza e buon tennis per questo <strong>37\u00b0 Torneo Giallo &#8220;Memorial Alberto Perotti&#8221;<em>.\u00a0<\/em><\/strong><\/p>\t\t\t\t\t<\/div>\n\t\t\t\t\t\t<\/div>\n\t\t\t\t<\/div>\n\t\t\t\t<div class=\"elementor-element elementor-element-341d09e elementor-widget elementor-widget-image\" data-id=\"341d09e\" data-element_type=\"widget\" data-widget_type=\"image.default\">\n\t\t\t\t<div class=\"elementor-widget-container\">\n\t\t\t\t\t\t\t\t<div class=\"elementor-image\">\n\t\t\t\t\t\t\t\t\t<figure class=\"wp-caption\">\n\t\t\t\t\t\t\t\t\t\t<img width=\"800\" height=\"480\" src=\"https:\/\/www.tenniscup.it\/portale\/wp-content\/uploads\/2026\/09\/G37_day1_03b.jpg\" class=\"attachment-large size-large\" alt=\"\" loading=\"lazy\" srcset=\"https:\/\/www.tenniscup.it\/portale\/wp-content\/uploads\/2026\/09\/G37_day1_03b.jpg 1000w, https:\/\/www.tenniscup.it\/portale\/wp-content\/uploads\/2026\/09\/G37_day1_03b-300x180.jpg 300w, https:\/\/www.tenniscup.it\/portale\/wp-content\/uploads\/2026\/09\/G37_day1_03b-768x461.jpg 768w, https:\/\/www.tenniscup.it\/portale\/wp-content\/uploads\/2026\/09\/G37_day1_03b-128x77.jpg 128w, https:\/\/www.tenniscup.it\/portale\/wp-content\/uploads\/2026\/09\/G37_day1_03b-32x19.jpg 32w\" sizes=\"(max-width: 800px) 100vw, 800px\" \/>\t\t\t\t\t\t\t\t\t\t\t<figcaption class=\"widget-image-caption wp-caption-text\">Gianluca Sala e Cristian Riccardi<\/figcaption>\n\t\t\t\t\t\t\t\t\t\t<\/figure>\n\t\t\t\t\t\t\t\t<\/div>\n\t\t\t\t\t\t<\/div>\n\t\t\t\t<\/div>\n\t\t\t\t<div class=\"elementor-element elementor-element-444093b elementor-widget elementor-widget-text-editor\" data-id=\"444093b\" data-element_type=\"widget\" data-widget_type=\"text-editor.default\">\n\t\t\t\t<div class=\"elementor-widget-container\">\n\t\t\t\t\t\t\t\t<div class=\"elementor-text-editor elementor-clearfix\">\n\t\t\t\t<p>Voti per tutti : <strong><span style=\"color: #ff0000;\">RICCARDI e SALA (8,5)<\/span><\/strong> si qualificano meritatamente dimostrandosi coppia solida che soffre un p\u00f2 nel primo match ma poi si consolida trovando anche un ritmo maggiore nel finale, passato il primo scoglio li aspetta il secondo, <strong><span style=\"color: #ff0000;\">GALIOTO e MINICUCI (voto 8)<\/span><\/strong> ottima prestazione, nonostante il debutto, una buona intesa che li porta sempre ad essere in corsa per la qualificazione, Galioto \u00e8 il fantasista che ogni tanto inventa il colpo al momento giusto e Minicuci \u00e8 il finalizzatore che cerca concretezza, questo ne fa un mix ben distribuito, <span style=\"color: #ff0000;\"><strong>NIERI GERACI e CARNEVALI<\/strong><strong> (voto 6)<\/strong> <\/span>la coppia non funziona perch\u00e8 sembra di vedere due singolaristi nella stessa metacampo, per lunghi tratti si perdono trovandosi solo in una rimonta che li porta 5-5 nel primo match poi tanti errori e tante combinazioni di gioco inutili per il doppio,\u00a0<\/p>\t\t\t\t\t<\/div>\n\t\t\t\t\t\t<\/div>\n\t\t\t\t<\/div>\n\t\t\t\t<div class=\"elementor-element elementor-element-91ffc9c elementor-share-buttons--view-icon-text elementor-share-buttons--skin-gradient elementor-share-buttons--shape-square elementor-grid-0 elementor-share-buttons--color-official elementor-widget elementor-widget-share-buttons\" data-id=\"91ffc9c\" data-element_type=\"widget\" data-widget_type=\"share-buttons.default\">\n\t\t\t\t<div class=\"elementor-widget-container\">\n\t\t\t\t\t<div class=\"elementor-grid\">\n\t\t\t\t\t\t\t\t<div class=\"elementor-grid-item\">\n\t\t\t\t\t\t<div class=\"elementor-share-btn elementor-share-btn_facebook\">\n\t\t\t\t\t\t\t\t\t\t\t\t\t\t\t<span class=\"elementor-share-btn__icon\">\n\t\t\t\t\t\t\t\t<i class=\"fab fa-facebook\" aria-hidden=\"true\"><\/i>\t\t\t\t\t\t\t\t<span\n\t\t\t\t\t\t\t\t\tclass=\"elementor-screen-only\">Condividi su facebook<\/span>\n\t\t\t\t\t\t\t<\/span>\n\t\t\t\t\t\t\t\t\t\t\t\t\t\t\t\t\t\t\t\t\t\t<div class=\"elementor-share-btn__text\">\n\t\t\t\t\t\t\t\t\t\t\t\t\t\t\t\t\t\t\t<span class=\"elementor-share-btn__title\">\n\t\t\t\t\t\t\t\t\t\tFacebook\t\t\t\t\t\t\t\t\t<\/span>\n\t\t\t\t\t\t\t\t\t\t\t\t\t\t\t\t\t<\/div>\n\t\t\t\t\t\t\t\t\t\t\t\t\t<\/div>\n\t\t\t\t\t<\/div>\n\t\t\t\t\t\t\t\t\t<div class=\"elementor-grid-item\">\n\t\t\t\t\t\t<div class=\"elementor-share-btn elementor-share-btn_whatsapp\">\n\t\t\t\t\t\t\t\t\t\t\t\t\t\t\t<span class=\"elementor-share-btn__icon\">\n\t\t\t\t\t\t\t\t<i class=\"fab fa-whatsapp\" aria-hidden=\"true\"><\/i>\t\t\t\t\t\t\t\t<span\n\t\t\t\t\t\t\t\t\tclass=\"elementor-screen-only\">Condividi su whatsapp<\/span>\n\t\t\t\t\t\t\t<\/span>\n\t\t\t\t\t\t\t\t\t\t\t\t\t\t\t\t\t\t\t\t\t\t<div class=\"elementor-share-btn__text\">\n\t\t\t\t\t\t\t\t\t\t\t\t\t\t\t\t\t\t\t<span class=\"elementor-share-btn__title\">\n\t\t\t\t\t\t\t\t\t\tWhatsApp\t\t\t\t\t\t\t\t\t<\/span>\n\t\t\t\t\t\t\t\t\t\t\t\t\t\t\t\t\t<\/div>\n\t\t\t\t\t\t\t\t\t\t\t\t\t<\/div>\n\t\t\t\t\t<\/div>\n\t\t\t\t\t\t\t\t\t<div class=\"elementor-grid-item\">\n\t\t\t\t\t\t<div class=\"elementor-share-btn elementor-share-btn_telegram\">\n\t\t\t\t\t\t\t\t\t\t\t\t\t\t\t<span class=\"elementor-share-btn__icon\">\n\t\t\t\t\t\t\t\t<i class=\"fab fa-telegram\" aria-hidden=\"true\"><\/i>\t\t\t\t\t\t\t\t<span\n\t\t\t\t\t\t\t\t\tclass=\"elementor-screen-only\">Condividi su telegram<\/span>\n\t\t\t\t\t\t\t<\/span>\n\t\t\t\t\t\t\t\t\t\t\t\t\t\t\t\t\t\t\t\t\t\t<div class=\"elementor-share-btn__text\">\n\t\t\t\t\t\t\t\t\t\t\t\t\t\t\t\t\t\t\t<span class=\"elementor-share-btn__title\">\n\t\t\t\t\t\t\t\t\t\tTelegram\t\t\t\t\t\t\t\t\t<\/span>\n\t\t\t\t\t\t\t\t\t\t\t\t\t\t\t\t\t<\/div>\n\t\t\t\t\t\t\t\t\t\t\t\t\t<\/div>\n\t\t\t\t\t<\/div>\n\t\t\t\t\t\t\t\t\t<div class=\"elementor-grid-item\">\n\t\t\t\t\t\t<div class=\"elementor-share-btn elementor-share-btn_twitter\">\n\t\t\t\t\t\t\t\t\t\t\t\t\t\t\t<span class=\"elementor-share-btn__icon\">\n\t\t\t\t\t\t\t\t<i class=\"fab fa-twitter\" aria-hidden=\"true\"><\/i>\t\t\t\t\t\t\t\t<span\n\t\t\t\t\t\t\t\t\tclass=\"elementor-screen-only\">Condividi su twitter<\/span>\n\t\t\t\t\t\t\t<\/span>\n\t\t\t\t\t\t\t\t\t\t\t\t\t\t\t\t\t\t\t\t\t\t<div class=\"elementor-share-btn__text\">\n\t\t\t\t\t\t\t\t\t\t\t\t\t\t\t\t\t\t\t<span class=\"elementor-share-btn__title\">\n\t\t\t\t\t\t\t\t\t\tTwitter\t\t\t\t\t\t\t\t\t<\/span>\n\t\t\t\t\t\t\t\t\t\t\t\t\t\t\t\t\t<\/div>\n\t\t\t\t\t\t\t\t\t\t\t\t\t<\/div>\n\t\t\t\t\t<\/div>\n\t\t\t\t\t\t<\/div>\n\t\t\t\t<\/div>\n\t\t\t\t<\/div>\n\t\t\t\t<div class=\"elementor-element elementor-element-8084af1 elementor-widget elementor-widget-heading\" data-id=\"8084af1\" data-element_type=\"widget\" data-widget_type=\"heading.default\">\n\t\t\t\t<div class=\"elementor-widget-container\">\n\t\t\t<h2 class=\"elementor-heading-title elementor-size-default\">TENNIS PAVIA, TENNIS PAVESE<\/h2>\t\t<\/div>\n\t\t\t\t<\/div>\n\t\t\t\t\t\t<\/div>\n\t\t\t\t\t<\/div>\n\t\t<\/div>\n\t\t\t\t\t\t\t\t<\/div>\n\t\t\t\t\t<\/div>\n\t\t<\/section>\n\t\t\t\t\t\t<\/div>\n\t\t\t\t\t\t<\/div>\n\t\t\t\t\t<\/div>\n\t\t","protected":false},"excerpt":{"rendered":"<p>Via alla 37\u00b0 edizione del TORNEO GIALLO primo evento della seconda parte della stagione 2026 di TENNISCUP. La serata del gruppo &#8220;Preliminare&#8221; non delude le attese con un primo match molto equilibrato dove RICCARDI e SALA trovano lo sprint finale per aggiudicarsi (7-5) la prima sfida contro i &#8220;debuttanti&#8221; GALIOTO e MINICUCI, nel secondo match&#8230;<\/p>\n","protected":false},"author":1,"featured_media":29857,"comment_status":"closed","ping_status":"open","sticky":false,"template":"","format":"standard","meta":{"spay_email":""},"categories":[1204],"tags":[1295,1327,416,1320,1313,1314,1326,1099,1100,1108,1110,1132],"yoast_head":"<!-- This site is optimized with the Yoast SEO plugin v18.2 - https:\/\/yoast.com\/wordpress\/plugins\/seo\/ -->\n<title>La prima serata del GIALLO 37 mette sul &quot;trono&quot; RICCARDI e SALA sul filo dell&#039;equilibrio contro i &quot;rookie&quot; GALIOTO e MINICUCI - TENNISCUP - Stagione 2026 - 27\u00b0 Anno - Tennis Pavia<\/title>\n<meta name=\"robots\" content=\"index, follow, max-snippet:-1, max-image-preview:large, max-video-preview:-1\" \/>\n<link rel=\"canonical\" href=\"https:\/\/www.tenniscup.it\/portale\/2026\/09\/02\/la-prima-serata-del-giallo-37-mette-sul-trono-riccardi-e-sala-sul-filo-dellequilibrio-contro-i-rookie-galioto-e-minicuci\/\" \/>\n<meta property=\"og:locale\" content=\"it_IT\" \/>\n<meta property=\"og:type\" content=\"article\" \/>\n<meta property=\"og:title\" content=\"La prima serata del GIALLO 37 mette sul &quot;trono&quot; RICCARDI e SALA sul filo dell&#039;equilibrio contro i &quot;rookie&quot; GALIOTO e MINICUCI - TENNISCUP - Stagione 2026 - 27\u00b0 Anno - Tennis Pavia\" \/>\n<meta property=\"og:description\" content=\"Via alla 37\u00b0 edizione del TORNEO GIALLO primo evento della seconda parte della stagione 2026 di TENNISCUP. La serata del gruppo &#8220;Preliminare&#8221; non delude le attese con un primo match molto equilibrato dove RICCARDI e SALA trovano lo sprint finale per aggiudicarsi (7-5) la prima sfida contro i &#8220;debuttanti&#8221; GALIOTO e MINICUCI, nel secondo match...\" \/>\n<meta property=\"og:url\" content=\"https:\/\/www.tenniscup.it\/portale\/2026\/09\/02\/la-prima-serata-del-giallo-37-mette-sul-trono-riccardi-e-sala-sul-filo-dellequilibrio-contro-i-rookie-galioto-e-minicuci\/\" \/>\n<meta property=\"og:site_name\" content=\"TENNISCUP - Stagione 2026 - 27\u00b0 Anno - Tennis Pavia\" \/>\n<meta property=\"article:published_time\" content=\"2026-09-02T06:54:31+00:00\" \/>\n<meta property=\"article:modified_time\" content=\"2026-09-02T07:03:26+00:00\" \/>\n<meta property=\"og:image\" content=\"https:\/\/www.tenniscup.it\/portale\/wp-content\/uploads\/2026\/09\/G37_day1_01.jpg\" \/>\n\t<meta property=\"og:image:width\" content=\"1000\" \/>\n\t<meta property=\"og:image:height\" content=\"600\" \/>\n\t<meta property=\"og:image:type\" content=\"image\/jpeg\" \/>\n<meta name=\"twitter:card\" content=\"summary_large_image\" \/>\n<meta name=\"twitter:label1\" content=\"Scritto da\" \/>\n\t<meta name=\"twitter:data1\" content=\"admin\" \/>\n\t<meta name=\"twitter:label2\" content=\"Tempo di lettura stimato\" \/>\n\t<meta name=\"twitter:data2\" content=\"5 minuti\" \/>\n<script type=\"application\/ld+json\" class=\"yoast-schema-graph\">{\"@context\":\"https:\/\/schema.org\",\"@graph\":[{\"@type\":\"WebSite\",\"@id\":\"https:\/\/www.tenniscup.it\/portale\/#website\",\"url\":\"https:\/\/www.tenniscup.it\/portale\/\",\"name\":\"TENNISCUP - Stagione 2026 - 27\u00b0 Anno - Tennis Pavia\",\"description\":\"Is a Lover Tennis Championship\",\"potentialAction\":[{\"@type\":\"SearchAction\",\"target\":{\"@type\":\"EntryPoint\",\"urlTemplate\":\"https:\/\/www.tenniscup.it\/portale\/?s={search_term_string}\"},\"query-input\":\"required name=search_term_string\"}],\"inLanguage\":\"it-IT\"},{\"@type\":\"ImageObject\",\"@id\":\"https:\/\/www.tenniscup.it\/portale\/2026\/09\/02\/la-prima-serata-del-giallo-37-mette-sul-trono-riccardi-e-sala-sul-filo-dellequilibrio-contro-i-rookie-galioto-e-minicuci\/#primaryimage\",\"inLanguage\":\"it-IT\",\"url\":\"https:\/\/www.tenniscup.it\/portale\/wp-content\/uploads\/2026\/09\/G37_day1_01.jpg\",\"contentUrl\":\"https:\/\/www.tenniscup.it\/portale\/wp-content\/uploads\/2026\/09\/G37_day1_01.jpg\",\"width\":1000,\"height\":600,\"caption\":\"Le coppie sfidanti di questa serata\"},{\"@type\":\"WebPage\",\"@id\":\"https:\/\/www.tenniscup.it\/portale\/2026\/09\/02\/la-prima-serata-del-giallo-37-mette-sul-trono-riccardi-e-sala-sul-filo-dellequilibrio-contro-i-rookie-galioto-e-minicuci\/#webpage\",\"url\":\"https:\/\/www.tenniscup.it\/portale\/2026\/09\/02\/la-prima-serata-del-giallo-37-mette-sul-trono-riccardi-e-sala-sul-filo-dellequilibrio-contro-i-rookie-galioto-e-minicuci\/\",\"name\":\"La prima serata del GIALLO 37 mette sul \\\"trono\\\" RICCARDI e SALA sul filo dell'equilibrio contro i \\\"rookie\\\" GALIOTO e MINICUCI - TENNISCUP - Stagione 2026 - 27\u00b0 Anno - Tennis Pavia\",\"isPartOf\":{\"@id\":\"https:\/\/www.tenniscup.it\/portale\/#website\"},\"primaryImageOfPage\":{\"@id\":\"https:\/\/www.tenniscup.it\/portale\/2026\/09\/02\/la-prima-serata-del-giallo-37-mette-sul-trono-riccardi-e-sala-sul-filo-dellequilibrio-contro-i-rookie-galioto-e-minicuci\/#primaryimage\"},\"datePublished\":\"2026-09-02T06:54:31+00:00\",\"dateModified\":\"2026-09-02T07:03:26+00:00\",\"author\":{\"@id\":\"https:\/\/www.tenniscup.it\/portale\/#\/schema\/person\/86dfc30fbc2419e3a97ab5b79e254b1a\"},\"breadcrumb\":{\"@id\":\"https:\/\/www.tenniscup.it\/portale\/2026\/09\/02\/la-prima-serata-del-giallo-37-mette-sul-trono-riccardi-e-sala-sul-filo-dellequilibrio-contro-i-rookie-galioto-e-minicuci\/#breadcrumb\"},\"inLanguage\":\"it-IT\",\"potentialAction\":[{\"@type\":\"ReadAction\",\"target\":[\"https:\/\/www.tenniscup.it\/portale\/2026\/09\/02\/la-prima-serata-del-giallo-37-mette-sul-trono-riccardi-e-sala-sul-filo-dellequilibrio-contro-i-rookie-galioto-e-minicuci\/\"]}]},{\"@type\":\"BreadcrumbList\",\"@id\":\"https:\/\/www.tenniscup.it\/portale\/2026\/09\/02\/la-prima-serata-del-giallo-37-mette-sul-trono-riccardi-e-sala-sul-filo-dellequilibrio-contro-i-rookie-galioto-e-minicuci\/#breadcrumb\",\"itemListElement\":[{\"@type\":\"ListItem\",\"position\":1,\"name\":\"Home\",\"item\":\"https:\/\/www.tenniscup.it\/portale\/\"},{\"@type\":\"ListItem\",\"position\":2,\"name\":\"La prima serata del GIALLO 37 mette sul &#8220;trono&#8221; RICCARDI e SALA sul filo dell&#8217;equilibrio contro i &#8220;rookie&#8221; GALIOTO e MINICUCI\"}]},{\"@type\":\"Person\",\"@id\":\"https:\/\/www.tenniscup.it\/portale\/#\/schema\/person\/86dfc30fbc2419e3a97ab5b79e254b1a\",\"name\":\"admin\",\"image\":{\"@type\":\"ImageObject\",\"@id\":\"https:\/\/www.tenniscup.it\/portale\/#personlogo\",\"inLanguage\":\"it-IT\",\"url\":\"https:\/\/secure.gravatar.com\/avatar\/0bde7dee4a529da8f93b94977cca0fa7?s=96&d=mm&r=g\",\"contentUrl\":\"https:\/\/secure.gravatar.com\/avatar\/0bde7dee4a529da8f93b94977cca0fa7?s=96&d=mm&r=g\",\"caption\":\"admin\"},\"url\":\"https:\/\/www.tenniscup.it\/portale\/author\/admin\/\"}]}<\/script>\n<!-- \/ Yoast SEO plugin. -->","yoast_head_json":{"title":"La prima serata del GIALLO 37 mette sul \"trono\" RICCARDI e SALA sul filo dell'equilibrio contro i \"rookie\" GALIOTO e MINICUCI - TENNISCUP - Stagione 2026 - 27\u00b0 Anno - Tennis Pavia","robots":{"index":"index","follow":"follow","max-snippet":"max-snippet:-1","max-image-preview":"max-image-preview:large","max-video-preview":"max-video-preview:-1"},"canonical":"https:\/\/www.tenniscup.it\/portale\/2026\/09\/02\/la-prima-serata-del-giallo-37-mette-sul-trono-riccardi-e-sala-sul-filo-dellequilibrio-contro-i-rookie-galioto-e-minicuci\/","og_locale":"it_IT","og_type":"article","og_title":"La prima serata del GIALLO 37 mette sul \"trono\" RICCARDI e SALA sul filo dell'equilibrio contro i \"rookie\" GALIOTO e MINICUCI - TENNISCUP - Stagione 2026 - 27\u00b0 Anno - Tennis Pavia","og_description":"Via alla 37\u00b0 edizione del TORNEO GIALLO primo evento della seconda parte della stagione 2026 di TENNISCUP. La serata del gruppo &#8220;Preliminare&#8221; non delude le attese con un primo match molto equilibrato dove RICCARDI e SALA trovano lo sprint finale per aggiudicarsi (7-5) la prima sfida contro i &#8220;debuttanti&#8221; GALIOTO e MINICUCI, nel secondo match...","og_url":"https:\/\/www.tenniscup.it\/portale\/2026\/09\/02\/la-prima-serata-del-giallo-37-mette-sul-trono-riccardi-e-sala-sul-filo-dellequilibrio-contro-i-rookie-galioto-e-minicuci\/","og_site_name":"TENNISCUP - Stagione 2026 - 27\u00b0 Anno - Tennis Pavia","article_published_time":"2026-09-02T06:54:31+00:00","article_modified_time":"2026-09-02T07:03:26+00:00","og_image":[{"width":1000,"height":600,"url":"https:\/\/www.tenniscup.it\/portale\/wp-content\/uploads\/2026\/09\/G37_day1_01.jpg","type":"image\/jpeg"}],"twitter_card":"summary_large_image","twitter_misc":{"Scritto da":"admin","Tempo di lettura stimato":"5 minuti"},"schema":{"@context":"https:\/\/schema.org","@graph":[{"@type":"WebSite","@id":"https:\/\/www.tenniscup.it\/portale\/#website","url":"https:\/\/www.tenniscup.it\/portale\/","name":"TENNISCUP - Stagione 2026 - 27\u00b0 Anno - Tennis Pavia","description":"Is a Lover Tennis Championship","potentialAction":[{"@type":"SearchAction","target":{"@type":"EntryPoint","urlTemplate":"https:\/\/www.tenniscup.it\/portale\/?s={search_term_string}"},"query-input":"required name=search_term_string"}],"inLanguage":"it-IT"},{"@type":"ImageObject","@id":"https:\/\/www.tenniscup.it\/portale\/2026\/09\/02\/la-prima-serata-del-giallo-37-mette-sul-trono-riccardi-e-sala-sul-filo-dellequilibrio-contro-i-rookie-galioto-e-minicuci\/#primaryimage","inLanguage":"it-IT","url":"https:\/\/www.tenniscup.it\/portale\/wp-content\/uploads\/2026\/09\/G37_day1_01.jpg","contentUrl":"https:\/\/www.tenniscup.it\/portale\/wp-content\/uploads\/2026\/09\/G37_day1_01.jpg","width":1000,"height":600,"caption":"Le coppie sfidanti di questa serata"},{"@type":"WebPage","@id":"https:\/\/www.tenniscup.it\/portale\/2026\/09\/02\/la-prima-serata-del-giallo-37-mette-sul-trono-riccardi-e-sala-sul-filo-dellequilibrio-contro-i-rookie-galioto-e-minicuci\/#webpage","url":"https:\/\/www.tenniscup.it\/portale\/2026\/09\/02\/la-prima-serata-del-giallo-37-mette-sul-trono-riccardi-e-sala-sul-filo-dellequilibrio-contro-i-rookie-galioto-e-minicuci\/","name":"La prima serata del GIALLO 37 mette sul \"trono\" RICCARDI e SALA sul filo dell'equilibrio contro i \"rookie\" GALIOTO e MINICUCI - TENNISCUP - Stagione 2026 - 27\u00b0 Anno - Tennis Pavia","isPartOf":{"@id":"https:\/\/www.tenniscup.it\/portale\/#website"},"primaryImageOfPage":{"@id":"https:\/\/www.tenniscup.it\/portale\/2026\/09\/02\/la-prima-serata-del-giallo-37-mette-sul-trono-riccardi-e-sala-sul-filo-dellequilibrio-contro-i-rookie-galioto-e-minicuci\/#primaryimage"},"datePublished":"2026-09-02T06:54:31+00:00","dateModified":"2026-09-02T07:03:26+00:00","author":{"@id":"https:\/\/www.tenniscup.it\/portale\/#\/schema\/person\/86dfc30fbc2419e3a97ab5b79e254b1a"},"breadcrumb":{"@id":"https:\/\/www.tenniscup.it\/portale\/2026\/09\/02\/la-prima-serata-del-giallo-37-mette-sul-trono-riccardi-e-sala-sul-filo-dellequilibrio-contro-i-rookie-galioto-e-minicuci\/#breadcrumb"},"inLanguage":"it-IT","potentialAction":[{"@type":"ReadAction","target":["https:\/\/www.tenniscup.it\/portale\/2026\/09\/02\/la-prima-serata-del-giallo-37-mette-sul-trono-riccardi-e-sala-sul-filo-dellequilibrio-contro-i-rookie-galioto-e-minicuci\/"]}]},{"@type":"BreadcrumbList","@id":"https:\/\/www.tenniscup.it\/portale\/2026\/09\/02\/la-prima-serata-del-giallo-37-mette-sul-trono-riccardi-e-sala-sul-filo-dellequilibrio-contro-i-rookie-galioto-e-minicuci\/#breadcrumb","itemListElement":[{"@type":"ListItem","position":1,"name":"Home","item":"https:\/\/www.tenniscup.it\/portale\/"},{"@type":"ListItem","position":2,"name":"La prima serata del GIALLO 37 mette sul &#8220;trono&#8221; RICCARDI e SALA sul filo dell&#8217;equilibrio contro i &#8220;rookie&#8221; GALIOTO e MINICUCI"}]},{"@type":"Person","@id":"https:\/\/www.tenniscup.it\/portale\/#\/schema\/person\/86dfc30fbc2419e3a97ab5b79e254b1a","name":"admin","image":{"@type":"ImageObject","@id":"https:\/\/www.tenniscup.it\/portale\/#personlogo","inLanguage":"it-IT","url":"https:\/\/secure.gravatar.com\/avatar\/0bde7dee4a529da8f93b94977cca0fa7?s=96&d=mm&r=g","contentUrl":"https:\/\/secure.gravatar.com\/avatar\/0bde7dee4a529da8f93b94977cca0fa7?s=96&d=mm&r=g","caption":"admin"},"url":"https:\/\/www.tenniscup.it\/portale\/author\/admin\/"}]}},"jetpack_featured_media_url":"https:\/\/www.tenniscup.it\/portale\/wp-content\/uploads\/2026\/09\/G37_day1_01.jpg","_links":{"self":[{"href":"https:\/\/www.tenniscup.it\/portale\/wp-json\/wp\/v2\/posts\/29856"}],"collection":[{"href":"https:\/\/www.tenniscup.it\/portale\/wp-json\/wp\/v2\/posts"}],"about":[{"href":"https:\/\/www.tenniscup.it\/portale\/wp-json\/wp\/v2\/types\/post"}],"author":[{"embeddable":true,"href":"https:\/\/www.tenniscup.it\/portale\/wp-json\/wp\/v2\/users\/1"}],"replies":[{"embeddable":true,"href":"https:\/\/www.tenniscup.it\/portale\/wp-json\/wp\/v2\/comments?post=29856"}],"version-history":[{"count":32,"href":"https:\/\/www.tenniscup.it\/portale\/wp-json\/wp\/v2\/posts\/29856\/revisions"}],"predecessor-version":[{"id":29902,"href":"https:\/\/www.tenniscup.it\/portale\/wp-json\/wp\/v2\/posts\/29856\/revisions\/29902"}],"wp:featuredmedia":[{"embeddable":true,"href":"https:\/\/www.tenniscup.it\/portale\/wp-json\/wp\/v2\/media\/29857"}],"wp:attachment":[{"href":"https:\/\/www.tenniscup.it\/portale\/wp-json\/wp\/v2\/media?parent=29856"}],"wp:term":[{"taxonomy":"category","embeddable":true,"href":"https:\/\/www.tenniscup.it\/portale\/wp-json\/wp\/v2\/categories?post=29856"},{"taxonomy":"post_tag","embeddable":true,"href":"https:\/\/www.tenniscup.it\/portale\/wp-json\/wp\/v2\/tags?post=29856"}],"curies":[{"name":"wp","href":"https:\/\/api.w.org\/{rel}","templated":true}]}}