{"id":27458,"date":"2025-09-02T08:58:28","date_gmt":"2025-09-02T06:58:28","guid":{"rendered":"https:\/\/www.tenniscup.it\/portale\/?p=27458"},"modified":"2025-09-04T08:29:04","modified_gmt":"2025-09-04T06:29:04","slug":"via-al-giallo-36-dove-bum-bum-mondini-e-marchesi-trovano-la-qualificazione-dopo-una-prima-serata-da-circoletto-rosso","status":"publish","type":"post","link":"https:\/\/www.tenniscup.it\/portale\/2025\/09\/02\/via-al-giallo-36-dove-bum-bum-mondini-e-marchesi-trovano-la-qualificazione-dopo-una-prima-serata-da-circoletto-rosso\/","title":{"rendered":"Via al GIALLO 36 dove &#8220;Bum Bum&#8221; MONDINI e MARCHESI trovano la qualificazione dopo una prima serata da &#8220;circoletto rosso&#8221;"},"content":{"rendered":"\t\t<div data-elementor-type=\"wp-post\" data-elementor-id=\"27458\" class=\"elementor elementor-27458\" data-elementor-settings=\"[]\">\n\t\t\t\t\t\t<div class=\"elementor-inner\">\n\t\t\t\t\t\t\t<div class=\"elementor-section-wrap\">\n\t\t\t\t\t\t\t<section class=\"elementor-section elementor-top-section elementor-element elementor-element-257dbfb elementor-section-boxed elementor-section-height-default elementor-section-height-default\" data-id=\"257dbfb\" data-element_type=\"section\">\n\t\t\t\t\t\t<div class=\"elementor-container elementor-column-gap-default\">\n\t\t\t\t\t\t\t<div class=\"elementor-row\">\n\t\t\t\t\t<div class=\"elementor-column elementor-col-100 elementor-top-column elementor-element elementor-element-4851435\" data-id=\"4851435\" data-element_type=\"column\">\n\t\t\t<div class=\"elementor-column-wrap elementor-element-populated\">\n\t\t\t\t\t\t\t<div class=\"elementor-widget-wrap\">\n\t\t\t\t\t\t<div class=\"elementor-element elementor-element-99d091d elementor-widget elementor-widget-text-editor\" data-id=\"99d091d\" data-element_type=\"widget\" data-widget_type=\"text-editor.default\">\n\t\t\t\t<div class=\"elementor-widget-container\">\n\t\t\t\t\t\t\t\t<div class=\"elementor-text-editor elementor-clearfix\">\n\t\t\t\t<p>Via alla <strong>36\u00b0 edizione del<\/strong> <strong>TORNEO GIALLO<\/strong> primo evento della seconda parte della stagione 2025 di <strong>TENNISCUP<\/strong>. La serata del gruppo &#8220;Preliminare&#8221; \u00e8 di alto livello con i player gi\u00e0 pi\u00f9 che pronti alla competizione come mai si era visto prima, incontri equilibrati e spettacolari con <strong>MONDINI e MARCHESI<\/strong> che alla fine trovano la qualificazione battendo prima (5-4 5-4) i validissimi TRIONI e MERLINI, affrontando poi in finale <strong>ZAMAI e BONAZZA<\/strong> vincitori (5-4 4-1) sugli ottimi <strong>CARNEVALI e GARDELLA<\/strong>, l&#8217;ultimo match alla distanza di un set \u00e8 di <strong>MONDINI<\/strong> e socio grazie soprattutto al fulminante servizio di David che chiude (6-4) e porta la coppia al girone eliminatorio di venerd\u00ec prossimo.\u00a0\u00a0<\/p>\t\t\t\t\t<\/div>\n\t\t\t\t\t\t<\/div>\n\t\t\t\t<\/div>\n\t\t\t\t<div class=\"elementor-element elementor-element-dcf952e elementor-widget elementor-widget-image\" data-id=\"dcf952e\" data-element_type=\"widget\" data-widget_type=\"image.default\">\n\t\t\t\t<div class=\"elementor-widget-container\">\n\t\t\t\t\t\t\t\t<div class=\"elementor-image\">\n\t\t\t\t\t\t\t\t\t<figure class=\"wp-caption\">\n\t\t\t\t\t\t\t\t\t\t<img width=\"800\" height=\"480\" src=\"https:\/\/www.tenniscup.it\/portale\/wp-content\/uploads\/2025\/09\/G36_Day1_00.jpg\" class=\"attachment-large size-large\" alt=\"\" loading=\"lazy\" srcset=\"https:\/\/www.tenniscup.it\/portale\/wp-content\/uploads\/2025\/09\/G36_Day1_00.jpg 1000w, https:\/\/www.tenniscup.it\/portale\/wp-content\/uploads\/2025\/09\/G36_Day1_00-300x180.jpg 300w, https:\/\/www.tenniscup.it\/portale\/wp-content\/uploads\/2025\/09\/G36_Day1_00-768x461.jpg 768w, https:\/\/www.tenniscup.it\/portale\/wp-content\/uploads\/2025\/09\/G36_Day1_00-128x77.jpg 128w, https:\/\/www.tenniscup.it\/portale\/wp-content\/uploads\/2025\/09\/G36_Day1_00-32x19.jpg 32w\" sizes=\"(max-width: 800px) 100vw, 800px\" \/>\t\t\t\t\t\t\t\t\t\t\t<figcaption class=\"widget-image-caption wp-caption-text\">Tutto il gruppo di player della serata del turno preliminare<\/figcaption>\n\t\t\t\t\t\t\t\t\t\t<\/figure>\n\t\t\t\t\t\t\t\t<\/div>\n\t\t\t\t\t\t<\/div>\n\t\t\t\t<\/div>\n\t\t\t\t<div class=\"elementor-element elementor-element-40cafbf elementor-widget elementor-widget-heading\" data-id=\"40cafbf\" data-element_type=\"widget\" data-widget_type=\"heading.default\">\n\t\t\t\t<div class=\"elementor-widget-container\">\n\t\t\t<h1 class=\"elementor-heading-title elementor-size-small\">MONDINI e MARCHESI battono TRIONI e MERLINI\n(5-4 5-4)<\/h1>\t\t<\/div>\n\t\t\t\t<\/div>\n\t\t\t\t<div class=\"elementor-element elementor-element-60fe436 elementor-widget elementor-widget-text-editor\" data-id=\"60fe436\" data-element_type=\"widget\" data-widget_type=\"text-editor.default\">\n\t\t\t\t<div class=\"elementor-widget-container\">\n\t\t\t\t\t\t\t\t<div class=\"elementor-text-editor elementor-clearfix\">\n\t\t\t\t<p>Primo match lungo e spettacolare con le coppie che danno vita ad una lotta punto su punto, sembra che <strong>Trioni e Merlini<\/strong> possano spuntarla nel primo set perch\u00e8 si portano <strong>3-1<\/strong> grazie ad una maggiore ed efficace pressione a rete ma c&#8217;\u00e8 una rimonta inaspettata grazie a due killer point fatali che riportano <strong>Mondini e Marchesi<\/strong> sul <strong>3-3<\/strong>, un altro killer point riporta sul <strong>4-4<\/strong> la coppia che annulla due set point, nel tiebreak del primo set sono <strong>Mondini e Marchesi<\/strong> ad essere pi\u00f9 lucidi portando a casa il set per<strong> 7-4.<\/strong> Secondo set dove sono <strong>Trioni e Merlini<\/strong> ad inseguire e a riprendere la parit\u00e0 sul <strong>2-2<\/strong> e poi sul <strong>4-4<\/strong>, un altro tiebreak all&#8217;orizzonte dopo alti e bassi per entrambe le coppie, anche qui l&#8217;ottima partenza di <strong>Mondini<\/strong> al servizio e di <strong>Marchesi<\/strong> fa da viatico per chiudere i giochi <strong>7-3<\/strong> per conquistare cos\u00ec la finale del girone.<\/p>\t\t\t\t\t<\/div>\n\t\t\t\t\t\t<\/div>\n\t\t\t\t<\/div>\n\t\t\t\t<div class=\"elementor-element elementor-element-fa853a8 elementor-widget elementor-widget-image\" data-id=\"fa853a8\" data-element_type=\"widget\" data-widget_type=\"image.default\">\n\t\t\t\t<div class=\"elementor-widget-container\">\n\t\t\t\t\t\t\t\t<div class=\"elementor-image\">\n\t\t\t\t\t\t\t\t\t<figure class=\"wp-caption\">\n\t\t\t\t\t\t\t\t\t\t<img width=\"800\" height=\"480\" src=\"https:\/\/www.tenniscup.it\/portale\/wp-content\/uploads\/2025\/09\/G36_Day1_07.jpg\" class=\"attachment-large size-large\" alt=\"\" loading=\"lazy\" srcset=\"https:\/\/www.tenniscup.it\/portale\/wp-content\/uploads\/2025\/09\/G36_Day1_07.jpg 1000w, https:\/\/www.tenniscup.it\/portale\/wp-content\/uploads\/2025\/09\/G36_Day1_07-300x180.jpg 300w, https:\/\/www.tenniscup.it\/portale\/wp-content\/uploads\/2025\/09\/G36_Day1_07-768x461.jpg 768w, https:\/\/www.tenniscup.it\/portale\/wp-content\/uploads\/2025\/09\/G36_Day1_07-128x77.jpg 128w, https:\/\/www.tenniscup.it\/portale\/wp-content\/uploads\/2025\/09\/G36_Day1_07-32x19.jpg 32w\" sizes=\"(max-width: 800px) 100vw, 800px\" \/>\t\t\t\t\t\t\t\t\t\t\t<figcaption class=\"widget-image-caption wp-caption-text\">Mondini e Marchesi in azione<\/figcaption>\n\t\t\t\t\t\t\t\t\t\t<\/figure>\n\t\t\t\t\t\t\t\t<\/div>\n\t\t\t\t\t\t<\/div>\n\t\t\t\t<\/div>\n\t\t\t\t<div class=\"elementor-element elementor-element-96540fb elementor-widget elementor-widget-heading\" data-id=\"96540fb\" data-element_type=\"widget\" data-widget_type=\"heading.default\">\n\t\t\t\t<div class=\"elementor-widget-container\">\n\t\t\t<h1 class=\"elementor-heading-title elementor-size-small\">ZAMAI e BONAZZA battono CARNEVALI e GARDELLA (5-4 4-1)<\/h1>\t\t<\/div>\n\t\t\t\t<\/div>\n\t\t\t\t<div class=\"elementor-element elementor-element-797340b elementor-widget elementor-widget-text-editor\" data-id=\"797340b\" data-element_type=\"widget\" data-widget_type=\"text-editor.default\">\n\t\t\t\t<div class=\"elementor-widget-container\">\n\t\t\t\t\t\t\t\t<div class=\"elementor-text-editor elementor-clearfix\">\n\t\t\t\t<p>Secondo match della serata con il debutto in <strong>Tenniscup<\/strong> di <strong>Pierangelo Carnevali<\/strong> in coppia con <strong>Alessandro Gardella<\/strong>, primo set super equilibrato dove non ci sono break e chi \u00e8 al servizio non perde mai la <em>&#8220;bussola&#8221;<\/em>, si nota una <strong>Zamai<\/strong> a corrente alternata, un <strong>Bonazza<\/strong> che deve trovare i tempi giusti, un <strong>Carnevali<\/strong> che trova alcuni colpi di alto livello e un <strong>Gardella<\/strong> che lotta su ogni palla trovando anche vincenti pregevoli, dopo il <strong>4-4<\/strong> nel tiebreak sono <strong>Zamai e Bonazza<\/strong> a prendere meglio l&#8217;iniziativa e a chiudere <strong>7-2<\/strong>. Nel secondo set fa da spartiacque il successo nel tiebreak con il game decisivo su servizio <strong>Carnevali<\/strong> che subisce il break per un killer point portando<strong> Zamai e Bonazza<\/strong> prima sul <strong>2-0<\/strong> e poi sul <strong>3-1<\/strong>, servizio <strong>Zamai<\/strong> che chiude match e passaggio nella finale per <strong>4-1<\/strong>.<\/p>\t\t\t\t\t<\/div>\n\t\t\t\t\t\t<\/div>\n\t\t\t\t<\/div>\n\t\t\t\t<div class=\"elementor-element elementor-element-adef36b elementor-widget elementor-widget-image\" data-id=\"adef36b\" data-element_type=\"widget\" data-widget_type=\"image.default\">\n\t\t\t\t<div class=\"elementor-widget-container\">\n\t\t\t\t\t\t\t\t<div class=\"elementor-image\">\n\t\t\t\t\t\t\t\t\t<figure class=\"wp-caption\">\n\t\t\t\t\t\t\t\t\t\t<img width=\"800\" height=\"480\" src=\"https:\/\/www.tenniscup.it\/portale\/wp-content\/uploads\/2025\/09\/G36_Day1_03.jpg\" class=\"attachment-large size-large\" alt=\"\" loading=\"lazy\" srcset=\"https:\/\/www.tenniscup.it\/portale\/wp-content\/uploads\/2025\/09\/G36_Day1_03.jpg 1000w, https:\/\/www.tenniscup.it\/portale\/wp-content\/uploads\/2025\/09\/G36_Day1_03-300x180.jpg 300w, https:\/\/www.tenniscup.it\/portale\/wp-content\/uploads\/2025\/09\/G36_Day1_03-768x461.jpg 768w, https:\/\/www.tenniscup.it\/portale\/wp-content\/uploads\/2025\/09\/G36_Day1_03-128x77.jpg 128w, https:\/\/www.tenniscup.it\/portale\/wp-content\/uploads\/2025\/09\/G36_Day1_03-32x19.jpg 32w\" sizes=\"(max-width: 800px) 100vw, 800px\" \/>\t\t\t\t\t\t\t\t\t\t\t<figcaption class=\"widget-image-caption wp-caption-text\">Bonazza e Zamai vs Carnevali e Gardella<\/figcaption>\n\t\t\t\t\t\t\t\t\t\t<\/figure>\n\t\t\t\t\t\t\t\t<\/div>\n\t\t\t\t\t\t<\/div>\n\t\t\t\t<\/div>\n\t\t\t\t<div class=\"elementor-element elementor-element-b9c8b2a elementor-widget elementor-widget-heading\" data-id=\"b9c8b2a\" data-element_type=\"widget\" data-widget_type=\"heading.default\">\n\t\t\t\t<div class=\"elementor-widget-container\">\n\t\t\t<h1 class=\"elementor-heading-title elementor-size-small\">MONDINI e MARCHESI battono ZAMAI e BONAZZA (6-4)<\/h1>\t\t<\/div>\n\t\t\t\t<\/div>\n\t\t\t\t<div class=\"elementor-element elementor-element-880cbf2 elementor-widget elementor-widget-text-editor\" data-id=\"880cbf2\" data-element_type=\"widget\" data-widget_type=\"text-editor.default\">\n\t\t\t\t<div class=\"elementor-widget-container\">\n\t\t\t\t\t\t\t\t<div class=\"elementor-text-editor elementor-clearfix\">\n\t\t\t\t<p>Epilogo della serata che decide la qualificazione al gruppo <em>&#8220;Musetti e Sonego&#8221;<\/em> con un match incerto fino alla fine nonostante la partenza fulminea di <strong>Mondini e Marchesi<\/strong> che trovano un <strong>4-0<\/strong> iniziale condito da due killer point, non si perdono d&#8217;animo <strong>Zamai e Bonazza<\/strong> che scalano game su game nonostante il<strong> 5-1<\/strong> a sfavore grazie ancora all&#8217;ennesimo killer point, trovano l&#8217;intesa e si portano a ridosso della coppia avversaria fino al <strong>4-5<\/strong> poi al servizio va <strong>Mondini<\/strong> che toglie le castagne dal fuoco anche in questo match grazie al suo potente servizio protagonista di numerosi ace e anche della serata, vittoria per <strong>6-4<\/strong> e qualificazione al tabellone principale per <strong>Mondini e Marchesi<\/strong> una coppia che nonostante le difficolt\u00e0 nei due match \u00e8 riuscita a trovare sempre lo spunto finale, ora avanti con altre serate che sicuramente promettono incertezza e buon tennis per questo <strong>36\u00b0 Torneo Giallo<em>.\u00a0<\/em><\/strong><\/p>\t\t\t\t\t<\/div>\n\t\t\t\t\t\t<\/div>\n\t\t\t\t<\/div>\n\t\t\t\t<div class=\"elementor-element elementor-element-341d09e elementor-widget elementor-widget-image\" data-id=\"341d09e\" data-element_type=\"widget\" data-widget_type=\"image.default\">\n\t\t\t\t<div class=\"elementor-widget-container\">\n\t\t\t\t\t\t\t\t<div class=\"elementor-image\">\n\t\t\t\t\t\t\t\t\t<figure class=\"wp-caption\">\n\t\t\t\t\t\t\t\t\t\t<img width=\"800\" height=\"480\" src=\"https:\/\/www.tenniscup.it\/portale\/wp-content\/uploads\/2025\/09\/G36_Day1_04.jpg\" class=\"attachment-large size-large\" alt=\"\" loading=\"lazy\" srcset=\"https:\/\/www.tenniscup.it\/portale\/wp-content\/uploads\/2025\/09\/G36_Day1_04.jpg 1000w, https:\/\/www.tenniscup.it\/portale\/wp-content\/uploads\/2025\/09\/G36_Day1_04-300x180.jpg 300w, https:\/\/www.tenniscup.it\/portale\/wp-content\/uploads\/2025\/09\/G36_Day1_04-768x461.jpg 768w, https:\/\/www.tenniscup.it\/portale\/wp-content\/uploads\/2025\/09\/G36_Day1_04-128x77.jpg 128w, https:\/\/www.tenniscup.it\/portale\/wp-content\/uploads\/2025\/09\/G36_Day1_04-32x19.jpg 32w\" sizes=\"(max-width: 800px) 100vw, 800px\" \/>\t\t\t\t\t\t\t\t\t\t\t<figcaption class=\"widget-image-caption wp-caption-text\">Trioni e Merlini<\/figcaption>\n\t\t\t\t\t\t\t\t\t\t<\/figure>\n\t\t\t\t\t\t\t\t<\/div>\n\t\t\t\t\t\t<\/div>\n\t\t\t\t<\/div>\n\t\t\t\t<div class=\"elementor-element elementor-element-444093b elementor-widget elementor-widget-text-editor\" data-id=\"444093b\" data-element_type=\"widget\" data-widget_type=\"text-editor.default\">\n\t\t\t\t<div class=\"elementor-widget-container\">\n\t\t\t\t\t\t\t\t<div class=\"elementor-text-editor elementor-clearfix\">\n\t\t\t\t<p>Voti per tutti : <strong><span style=\"color: #ff0000;\">MONDINI (8,5)<\/span><\/strong> rientro in tenniscup di grande autorit\u00e0, il suo servizio \u00e8 quasi una sentenza ma non solo e se il buongiorno si vede dal mattino, <strong><span style=\"color: #ff0000;\">MARCHESI (voto 8)<\/span><\/strong> se riuscisse a trovare i tempi a rete sarebbe un giocatore inarrivabile, questo l&#8217;unico difetto poi per il resto il solito instancabile maratoneta, <span style=\"color: #ff0000;\"><strong>ZAMAI<\/strong><strong> (voto 7,5)<\/strong> <\/span>ingestibile anche per se stesso, non ha continuit\u00e0 ma contemporaneamente riesce a trovare i colpi giusti al momento giusto, trova un p\u00f2 di regolarit\u00e0 nel finale di serata ma pu\u00f2 fare meglio, <strong><span style=\"color: #ff0000;\">BONAZZA (voto 7)<\/span><\/strong> rientro nel giallo con alti e bassi ma sempre in linea con le sue caratteristiche di un player lineare e senza fronzoli protagonista per\u00f2 di alcuni vincenti quasi irrealizzabili per un doppista, <strong><span style=\"color: #ff0000;\">CARNEVALI (voto 6,5)<\/span><\/strong> ottimo debutto in tenniscup sia tennistico sia come spirito e voglia di stare in campo e divertirsi, fa intravedere le sue caratteristiche che sicuramente gli serviranno anche in campionato, <strong><span style=\"color: #ff0000;\">GARDELLA (voto 6,5)<\/span><\/strong> con esperienza e sagacia mette in campo le sue caratteristiche e come al solito da tutto, trova ottimi colpi e anche qualche errore di troppo nel secondo set ma il risultato \u00e8 pi\u00f9 che buono <strong><span style=\"color: #ff0000;\">TRIONI (voto 7)<\/span><\/strong> gioca un buon match si disunisce un p\u00f2 nei tiebreak ma nel complesso \u00e8 il solito giocatore che pu\u00f2 fare di tutto sia nel bene che nel male, <strong><span style=\"color: #ff0000;\">MERLINI (voto 6,5)<\/span><\/strong> presenza importante nel giallo per i suoi trascorsi storici, dai match si vede che a volte non riesce a trovare i suoi colpi e la sua posizione ideale a rete ma nel complesso fa il suo gioco ma non trovando la spinta giusta nei tiebreak.<\/p>\t\t\t\t\t<\/div>\n\t\t\t\t\t\t<\/div>\n\t\t\t\t<\/div>\n\t\t\t\t<div class=\"elementor-element elementor-element-91ffc9c elementor-share-buttons--view-icon-text elementor-share-buttons--skin-gradient elementor-share-buttons--shape-square elementor-grid-0 elementor-share-buttons--color-official elementor-widget elementor-widget-share-buttons\" data-id=\"91ffc9c\" data-element_type=\"widget\" data-widget_type=\"share-buttons.default\">\n\t\t\t\t<div class=\"elementor-widget-container\">\n\t\t\t\t\t<div class=\"elementor-grid\">\n\t\t\t\t\t\t\t\t<div class=\"elementor-grid-item\">\n\t\t\t\t\t\t<div class=\"elementor-share-btn elementor-share-btn_facebook\">\n\t\t\t\t\t\t\t\t\t\t\t\t\t\t\t<span class=\"elementor-share-btn__icon\">\n\t\t\t\t\t\t\t\t<i class=\"fab fa-facebook\" aria-hidden=\"true\"><\/i>\t\t\t\t\t\t\t\t<span\n\t\t\t\t\t\t\t\t\tclass=\"elementor-screen-only\">Condividi su facebook<\/span>\n\t\t\t\t\t\t\t<\/span>\n\t\t\t\t\t\t\t\t\t\t\t\t\t\t\t\t\t\t\t\t\t\t<div class=\"elementor-share-btn__text\">\n\t\t\t\t\t\t\t\t\t\t\t\t\t\t\t\t\t\t\t<span class=\"elementor-share-btn__title\">\n\t\t\t\t\t\t\t\t\t\tFacebook\t\t\t\t\t\t\t\t\t<\/span>\n\t\t\t\t\t\t\t\t\t\t\t\t\t\t\t\t\t<\/div>\n\t\t\t\t\t\t\t\t\t\t\t\t\t<\/div>\n\t\t\t\t\t<\/div>\n\t\t\t\t\t\t\t\t\t<div class=\"elementor-grid-item\">\n\t\t\t\t\t\t<div class=\"elementor-share-btn elementor-share-btn_whatsapp\">\n\t\t\t\t\t\t\t\t\t\t\t\t\t\t\t<span class=\"elementor-share-btn__icon\">\n\t\t\t\t\t\t\t\t<i class=\"fab fa-whatsapp\" aria-hidden=\"true\"><\/i>\t\t\t\t\t\t\t\t<span\n\t\t\t\t\t\t\t\t\tclass=\"elementor-screen-only\">Condividi su whatsapp<\/span>\n\t\t\t\t\t\t\t<\/span>\n\t\t\t\t\t\t\t\t\t\t\t\t\t\t\t\t\t\t\t\t\t\t<div class=\"elementor-share-btn__text\">\n\t\t\t\t\t\t\t\t\t\t\t\t\t\t\t\t\t\t\t<span class=\"elementor-share-btn__title\">\n\t\t\t\t\t\t\t\t\t\tWhatsApp\t\t\t\t\t\t\t\t\t<\/span>\n\t\t\t\t\t\t\t\t\t\t\t\t\t\t\t\t\t<\/div>\n\t\t\t\t\t\t\t\t\t\t\t\t\t<\/div>\n\t\t\t\t\t<\/div>\n\t\t\t\t\t\t\t\t\t<div class=\"elementor-grid-item\">\n\t\t\t\t\t\t<div class=\"elementor-share-btn elementor-share-btn_telegram\">\n\t\t\t\t\t\t\t\t\t\t\t\t\t\t\t<span class=\"elementor-share-btn__icon\">\n\t\t\t\t\t\t\t\t<i class=\"fab fa-telegram\" aria-hidden=\"true\"><\/i>\t\t\t\t\t\t\t\t<span\n\t\t\t\t\t\t\t\t\tclass=\"elementor-screen-only\">Condividi su telegram<\/span>\n\t\t\t\t\t\t\t<\/span>\n\t\t\t\t\t\t\t\t\t\t\t\t\t\t\t\t\t\t\t\t\t\t<div class=\"elementor-share-btn__text\">\n\t\t\t\t\t\t\t\t\t\t\t\t\t\t\t\t\t\t\t<span class=\"elementor-share-btn__title\">\n\t\t\t\t\t\t\t\t\t\tTelegram\t\t\t\t\t\t\t\t\t<\/span>\n\t\t\t\t\t\t\t\t\t\t\t\t\t\t\t\t\t<\/div>\n\t\t\t\t\t\t\t\t\t\t\t\t\t<\/div>\n\t\t\t\t\t<\/div>\n\t\t\t\t\t\t\t\t\t<div class=\"elementor-grid-item\">\n\t\t\t\t\t\t<div class=\"elementor-share-btn elementor-share-btn_twitter\">\n\t\t\t\t\t\t\t\t\t\t\t\t\t\t\t<span class=\"elementor-share-btn__icon\">\n\t\t\t\t\t\t\t\t<i class=\"fab fa-twitter\" aria-hidden=\"true\"><\/i>\t\t\t\t\t\t\t\t<span\n\t\t\t\t\t\t\t\t\tclass=\"elementor-screen-only\">Condividi su twitter<\/span>\n\t\t\t\t\t\t\t<\/span>\n\t\t\t\t\t\t\t\t\t\t\t\t\t\t\t\t\t\t\t\t\t\t<div class=\"elementor-share-btn__text\">\n\t\t\t\t\t\t\t\t\t\t\t\t\t\t\t\t\t\t\t<span class=\"elementor-share-btn__title\">\n\t\t\t\t\t\t\t\t\t\tTwitter\t\t\t\t\t\t\t\t\t<\/span>\n\t\t\t\t\t\t\t\t\t\t\t\t\t\t\t\t\t<\/div>\n\t\t\t\t\t\t\t\t\t\t\t\t\t<\/div>\n\t\t\t\t\t<\/div>\n\t\t\t\t\t\t<\/div>\n\t\t\t\t<\/div>\n\t\t\t\t<\/div>\n\t\t\t\t<div class=\"elementor-element elementor-element-8084af1 elementor-widget elementor-widget-heading\" data-id=\"8084af1\" data-element_type=\"widget\" data-widget_type=\"heading.default\">\n\t\t\t\t<div class=\"elementor-widget-container\">\n\t\t\t<h2 class=\"elementor-heading-title elementor-size-default\">TENNIS PAVIA, TENNIS PAVESE<\/h2>\t\t<\/div>\n\t\t\t\t<\/div>\n\t\t\t\t\t\t<\/div>\n\t\t\t\t\t<\/div>\n\t\t<\/div>\n\t\t\t\t\t\t\t\t<\/div>\n\t\t\t\t\t<\/div>\n\t\t<\/section>\n\t\t\t\t\t\t<\/div>\n\t\t\t\t\t\t<\/div>\n\t\t\t\t\t<\/div>\n\t\t","protected":false},"excerpt":{"rendered":"<p>Via alla 36\u00b0 edizione del TORNEO GIALLO primo evento della seconda parte della stagione 2025 di TENNISCUP. La serata del gruppo &#8220;Preliminare&#8221; \u00e8 di alto livello con i player gi\u00e0 pi\u00f9 che pronti alla competizione come mai si era visto prima, incontri equilibrati e spettacolari con MONDINI e MARCHESI che alla fine trovano la qualificazione&#8230;<\/p>\n","protected":false},"author":1,"featured_media":27462,"comment_status":"closed","ping_status":"open","sticky":false,"template":"","format":"standard","meta":{"spay_email":""},"categories":[84],"tags":[96,100,107,269,341,1306,1252,733,868,1313,1099,1100,1108,1110,1132],"yoast_head":"<!-- This site is optimized with the Yoast SEO plugin v18.2 - https:\/\/yoast.com\/wordpress\/plugins\/seo\/ -->\n<title>Via al GIALLO 36 dove &quot;Bum Bum&quot; MONDINI e MARCHESI trovano la qualificazione dopo una prima serata da &quot;circoletto rosso&quot; - TENNISCUP - Stagione 2026 - 27\u00b0 Anno - Tennis Pavia<\/title>\n<meta name=\"robots\" content=\"index, follow, max-snippet:-1, max-image-preview:large, max-video-preview:-1\" \/>\n<link rel=\"canonical\" href=\"https:\/\/www.tenniscup.it\/portale\/2025\/09\/02\/via-al-giallo-36-dove-bum-bum-mondini-e-marchesi-trovano-la-qualificazione-dopo-una-prima-serata-da-circoletto-rosso\/\" \/>\n<meta property=\"og:locale\" content=\"it_IT\" \/>\n<meta property=\"og:type\" content=\"article\" \/>\n<meta property=\"og:title\" content=\"Via al GIALLO 36 dove &quot;Bum Bum&quot; MONDINI e MARCHESI trovano la qualificazione dopo una prima serata da &quot;circoletto rosso&quot; - TENNISCUP - Stagione 2026 - 27\u00b0 Anno - Tennis Pavia\" \/>\n<meta property=\"og:description\" content=\"Via alla 36\u00b0 edizione del TORNEO GIALLO primo evento della seconda parte della stagione 2025 di TENNISCUP. La serata del gruppo &#8220;Preliminare&#8221; \u00e8 di alto livello con i player gi\u00e0 pi\u00f9 che pronti alla competizione come mai si era visto prima, incontri equilibrati e spettacolari con MONDINI e MARCHESI che alla fine trovano la qualificazione...\" \/>\n<meta property=\"og:url\" content=\"https:\/\/www.tenniscup.it\/portale\/2025\/09\/02\/via-al-giallo-36-dove-bum-bum-mondini-e-marchesi-trovano-la-qualificazione-dopo-una-prima-serata-da-circoletto-rosso\/\" \/>\n<meta property=\"og:site_name\" content=\"TENNISCUP - Stagione 2026 - 27\u00b0 Anno - Tennis Pavia\" \/>\n<meta property=\"article:published_time\" content=\"2025-09-02T06:58:28+00:00\" \/>\n<meta property=\"article:modified_time\" content=\"2025-09-04T06:29:04+00:00\" \/>\n<meta property=\"og:image\" content=\"https:\/\/www.tenniscup.it\/portale\/wp-content\/uploads\/2025\/09\/G36_Day1_00.jpg\" \/>\n\t<meta property=\"og:image:width\" content=\"1000\" \/>\n\t<meta property=\"og:image:height\" content=\"600\" \/>\n\t<meta property=\"og:image:type\" content=\"image\/jpeg\" \/>\n<meta name=\"twitter:card\" content=\"summary_large_image\" \/>\n<meta name=\"twitter:label1\" content=\"Scritto da\" \/>\n\t<meta name=\"twitter:data1\" content=\"admin\" \/>\n\t<meta name=\"twitter:label2\" content=\"Tempo di lettura stimato\" \/>\n\t<meta name=\"twitter:data2\" content=\"6 minuti\" \/>\n<script type=\"application\/ld+json\" class=\"yoast-schema-graph\">{\"@context\":\"https:\/\/schema.org\",\"@graph\":[{\"@type\":\"WebSite\",\"@id\":\"https:\/\/www.tenniscup.it\/portale\/#website\",\"url\":\"https:\/\/www.tenniscup.it\/portale\/\",\"name\":\"TENNISCUP - Stagione 2026 - 27\u00b0 Anno - Tennis Pavia\",\"description\":\"Is a Lover Tennis Championship\",\"potentialAction\":[{\"@type\":\"SearchAction\",\"target\":{\"@type\":\"EntryPoint\",\"urlTemplate\":\"https:\/\/www.tenniscup.it\/portale\/?s={search_term_string}\"},\"query-input\":\"required name=search_term_string\"}],\"inLanguage\":\"it-IT\"},{\"@type\":\"ImageObject\",\"@id\":\"https:\/\/www.tenniscup.it\/portale\/2025\/09\/02\/via-al-giallo-36-dove-bum-bum-mondini-e-marchesi-trovano-la-qualificazione-dopo-una-prima-serata-da-circoletto-rosso\/#primaryimage\",\"inLanguage\":\"it-IT\",\"url\":\"https:\/\/www.tenniscup.it\/portale\/wp-content\/uploads\/2025\/09\/G36_Day1_00.jpg\",\"contentUrl\":\"https:\/\/www.tenniscup.it\/portale\/wp-content\/uploads\/2025\/09\/G36_Day1_00.jpg\",\"width\":1000,\"height\":600,\"caption\":\"Tutto il gruppo di player della serata del turno preliminare\"},{\"@type\":\"WebPage\",\"@id\":\"https:\/\/www.tenniscup.it\/portale\/2025\/09\/02\/via-al-giallo-36-dove-bum-bum-mondini-e-marchesi-trovano-la-qualificazione-dopo-una-prima-serata-da-circoletto-rosso\/#webpage\",\"url\":\"https:\/\/www.tenniscup.it\/portale\/2025\/09\/02\/via-al-giallo-36-dove-bum-bum-mondini-e-marchesi-trovano-la-qualificazione-dopo-una-prima-serata-da-circoletto-rosso\/\",\"name\":\"Via al GIALLO 36 dove \\\"Bum Bum\\\" MONDINI e MARCHESI trovano la qualificazione dopo una prima serata da \\\"circoletto rosso\\\" - TENNISCUP - Stagione 2026 - 27\u00b0 Anno - Tennis Pavia\",\"isPartOf\":{\"@id\":\"https:\/\/www.tenniscup.it\/portale\/#website\"},\"primaryImageOfPage\":{\"@id\":\"https:\/\/www.tenniscup.it\/portale\/2025\/09\/02\/via-al-giallo-36-dove-bum-bum-mondini-e-marchesi-trovano-la-qualificazione-dopo-una-prima-serata-da-circoletto-rosso\/#primaryimage\"},\"datePublished\":\"2025-09-02T06:58:28+00:00\",\"dateModified\":\"2025-09-04T06:29:04+00:00\",\"author\":{\"@id\":\"https:\/\/www.tenniscup.it\/portale\/#\/schema\/person\/86dfc30fbc2419e3a97ab5b79e254b1a\"},\"breadcrumb\":{\"@id\":\"https:\/\/www.tenniscup.it\/portale\/2025\/09\/02\/via-al-giallo-36-dove-bum-bum-mondini-e-marchesi-trovano-la-qualificazione-dopo-una-prima-serata-da-circoletto-rosso\/#breadcrumb\"},\"inLanguage\":\"it-IT\",\"potentialAction\":[{\"@type\":\"ReadAction\",\"target\":[\"https:\/\/www.tenniscup.it\/portale\/2025\/09\/02\/via-al-giallo-36-dove-bum-bum-mondini-e-marchesi-trovano-la-qualificazione-dopo-una-prima-serata-da-circoletto-rosso\/\"]}]},{\"@type\":\"BreadcrumbList\",\"@id\":\"https:\/\/www.tenniscup.it\/portale\/2025\/09\/02\/via-al-giallo-36-dove-bum-bum-mondini-e-marchesi-trovano-la-qualificazione-dopo-una-prima-serata-da-circoletto-rosso\/#breadcrumb\",\"itemListElement\":[{\"@type\":\"ListItem\",\"position\":1,\"name\":\"Home\",\"item\":\"https:\/\/www.tenniscup.it\/portale\/\"},{\"@type\":\"ListItem\",\"position\":2,\"name\":\"Via al GIALLO 36 dove &#8220;Bum Bum&#8221; MONDINI e MARCHESI trovano la qualificazione dopo una prima serata da &#8220;circoletto rosso&#8221;\"}]},{\"@type\":\"Person\",\"@id\":\"https:\/\/www.tenniscup.it\/portale\/#\/schema\/person\/86dfc30fbc2419e3a97ab5b79e254b1a\",\"name\":\"admin\",\"image\":{\"@type\":\"ImageObject\",\"@id\":\"https:\/\/www.tenniscup.it\/portale\/#personlogo\",\"inLanguage\":\"it-IT\",\"url\":\"https:\/\/secure.gravatar.com\/avatar\/0bde7dee4a529da8f93b94977cca0fa7?s=96&d=mm&r=g\",\"contentUrl\":\"https:\/\/secure.gravatar.com\/avatar\/0bde7dee4a529da8f93b94977cca0fa7?s=96&d=mm&r=g\",\"caption\":\"admin\"},\"url\":\"https:\/\/www.tenniscup.it\/portale\/author\/admin\/\"}]}<\/script>\n<!-- \/ Yoast SEO plugin. -->","yoast_head_json":{"title":"Via al GIALLO 36 dove \"Bum Bum\" MONDINI e MARCHESI trovano la qualificazione dopo una prima serata da \"circoletto rosso\" - TENNISCUP - Stagione 2026 - 27\u00b0 Anno - Tennis Pavia","robots":{"index":"index","follow":"follow","max-snippet":"max-snippet:-1","max-image-preview":"max-image-preview:large","max-video-preview":"max-video-preview:-1"},"canonical":"https:\/\/www.tenniscup.it\/portale\/2025\/09\/02\/via-al-giallo-36-dove-bum-bum-mondini-e-marchesi-trovano-la-qualificazione-dopo-una-prima-serata-da-circoletto-rosso\/","og_locale":"it_IT","og_type":"article","og_title":"Via al GIALLO 36 dove \"Bum Bum\" MONDINI e MARCHESI trovano la qualificazione dopo una prima serata da \"circoletto rosso\" - TENNISCUP - Stagione 2026 - 27\u00b0 Anno - Tennis Pavia","og_description":"Via alla 36\u00b0 edizione del TORNEO GIALLO primo evento della seconda parte della stagione 2025 di TENNISCUP. La serata del gruppo &#8220;Preliminare&#8221; \u00e8 di alto livello con i player gi\u00e0 pi\u00f9 che pronti alla competizione come mai si era visto prima, incontri equilibrati e spettacolari con MONDINI e MARCHESI che alla fine trovano la qualificazione...","og_url":"https:\/\/www.tenniscup.it\/portale\/2025\/09\/02\/via-al-giallo-36-dove-bum-bum-mondini-e-marchesi-trovano-la-qualificazione-dopo-una-prima-serata-da-circoletto-rosso\/","og_site_name":"TENNISCUP - Stagione 2026 - 27\u00b0 Anno - Tennis Pavia","article_published_time":"2025-09-02T06:58:28+00:00","article_modified_time":"2025-09-04T06:29:04+00:00","og_image":[{"width":1000,"height":600,"url":"https:\/\/www.tenniscup.it\/portale\/wp-content\/uploads\/2025\/09\/G36_Day1_00.jpg","type":"image\/jpeg"}],"twitter_card":"summary_large_image","twitter_misc":{"Scritto da":"admin","Tempo di lettura stimato":"6 minuti"},"schema":{"@context":"https:\/\/schema.org","@graph":[{"@type":"WebSite","@id":"https:\/\/www.tenniscup.it\/portale\/#website","url":"https:\/\/www.tenniscup.it\/portale\/","name":"TENNISCUP - Stagione 2026 - 27\u00b0 Anno - Tennis Pavia","description":"Is a Lover Tennis Championship","potentialAction":[{"@type":"SearchAction","target":{"@type":"EntryPoint","urlTemplate":"https:\/\/www.tenniscup.it\/portale\/?s={search_term_string}"},"query-input":"required name=search_term_string"}],"inLanguage":"it-IT"},{"@type":"ImageObject","@id":"https:\/\/www.tenniscup.it\/portale\/2025\/09\/02\/via-al-giallo-36-dove-bum-bum-mondini-e-marchesi-trovano-la-qualificazione-dopo-una-prima-serata-da-circoletto-rosso\/#primaryimage","inLanguage":"it-IT","url":"https:\/\/www.tenniscup.it\/portale\/wp-content\/uploads\/2025\/09\/G36_Day1_00.jpg","contentUrl":"https:\/\/www.tenniscup.it\/portale\/wp-content\/uploads\/2025\/09\/G36_Day1_00.jpg","width":1000,"height":600,"caption":"Tutto il gruppo di player della serata del turno preliminare"},{"@type":"WebPage","@id":"https:\/\/www.tenniscup.it\/portale\/2025\/09\/02\/via-al-giallo-36-dove-bum-bum-mondini-e-marchesi-trovano-la-qualificazione-dopo-una-prima-serata-da-circoletto-rosso\/#webpage","url":"https:\/\/www.tenniscup.it\/portale\/2025\/09\/02\/via-al-giallo-36-dove-bum-bum-mondini-e-marchesi-trovano-la-qualificazione-dopo-una-prima-serata-da-circoletto-rosso\/","name":"Via al GIALLO 36 dove \"Bum Bum\" MONDINI e MARCHESI trovano la qualificazione dopo una prima serata da \"circoletto rosso\" - TENNISCUP - Stagione 2026 - 27\u00b0 Anno - Tennis Pavia","isPartOf":{"@id":"https:\/\/www.tenniscup.it\/portale\/#website"},"primaryImageOfPage":{"@id":"https:\/\/www.tenniscup.it\/portale\/2025\/09\/02\/via-al-giallo-36-dove-bum-bum-mondini-e-marchesi-trovano-la-qualificazione-dopo-una-prima-serata-da-circoletto-rosso\/#primaryimage"},"datePublished":"2025-09-02T06:58:28+00:00","dateModified":"2025-09-04T06:29:04+00:00","author":{"@id":"https:\/\/www.tenniscup.it\/portale\/#\/schema\/person\/86dfc30fbc2419e3a97ab5b79e254b1a"},"breadcrumb":{"@id":"https:\/\/www.tenniscup.it\/portale\/2025\/09\/02\/via-al-giallo-36-dove-bum-bum-mondini-e-marchesi-trovano-la-qualificazione-dopo-una-prima-serata-da-circoletto-rosso\/#breadcrumb"},"inLanguage":"it-IT","potentialAction":[{"@type":"ReadAction","target":["https:\/\/www.tenniscup.it\/portale\/2025\/09\/02\/via-al-giallo-36-dove-bum-bum-mondini-e-marchesi-trovano-la-qualificazione-dopo-una-prima-serata-da-circoletto-rosso\/"]}]},{"@type":"BreadcrumbList","@id":"https:\/\/www.tenniscup.it\/portale\/2025\/09\/02\/via-al-giallo-36-dove-bum-bum-mondini-e-marchesi-trovano-la-qualificazione-dopo-una-prima-serata-da-circoletto-rosso\/#breadcrumb","itemListElement":[{"@type":"ListItem","position":1,"name":"Home","item":"https:\/\/www.tenniscup.it\/portale\/"},{"@type":"ListItem","position":2,"name":"Via al GIALLO 36 dove &#8220;Bum Bum&#8221; MONDINI e MARCHESI trovano la qualificazione dopo una prima serata da &#8220;circoletto rosso&#8221;"}]},{"@type":"Person","@id":"https:\/\/www.tenniscup.it\/portale\/#\/schema\/person\/86dfc30fbc2419e3a97ab5b79e254b1a","name":"admin","image":{"@type":"ImageObject","@id":"https:\/\/www.tenniscup.it\/portale\/#personlogo","inLanguage":"it-IT","url":"https:\/\/secure.gravatar.com\/avatar\/0bde7dee4a529da8f93b94977cca0fa7?s=96&d=mm&r=g","contentUrl":"https:\/\/secure.gravatar.com\/avatar\/0bde7dee4a529da8f93b94977cca0fa7?s=96&d=mm&r=g","caption":"admin"},"url":"https:\/\/www.tenniscup.it\/portale\/author\/admin\/"}]}},"jetpack_featured_media_url":"https:\/\/www.tenniscup.it\/portale\/wp-content\/uploads\/2025\/09\/G36_Day1_00.jpg","_links":{"self":[{"href":"https:\/\/www.tenniscup.it\/portale\/wp-json\/wp\/v2\/posts\/27458"}],"collection":[{"href":"https:\/\/www.tenniscup.it\/portale\/wp-json\/wp\/v2\/posts"}],"about":[{"href":"https:\/\/www.tenniscup.it\/portale\/wp-json\/wp\/v2\/types\/post"}],"author":[{"embeddable":true,"href":"https:\/\/www.tenniscup.it\/portale\/wp-json\/wp\/v2\/users\/1"}],"replies":[{"embeddable":true,"href":"https:\/\/www.tenniscup.it\/portale\/wp-json\/wp\/v2\/comments?post=27458"}],"version-history":[{"count":28,"href":"https:\/\/www.tenniscup.it\/portale\/wp-json\/wp\/v2\/posts\/27458\/revisions"}],"predecessor-version":[{"id":27500,"href":"https:\/\/www.tenniscup.it\/portale\/wp-json\/wp\/v2\/posts\/27458\/revisions\/27500"}],"wp:featuredmedia":[{"embeddable":true,"href":"https:\/\/www.tenniscup.it\/portale\/wp-json\/wp\/v2\/media\/27462"}],"wp:attachment":[{"href":"https:\/\/www.tenniscup.it\/portale\/wp-json\/wp\/v2\/media?parent=27458"}],"wp:term":[{"taxonomy":"category","embeddable":true,"href":"https:\/\/www.tenniscup.it\/portale\/wp-json\/wp\/v2\/categories?post=27458"},{"taxonomy":"post_tag","embeddable":true,"href":"https:\/\/www.tenniscup.it\/portale\/wp-json\/wp\/v2\/tags?post=27458"}],"curies":[{"name":"wp","href":"https:\/\/api.w.org\/{rel}","templated":true}]}}