{"id":15313,"date":"2019-09-24T00:57:42","date_gmt":"2019-09-23T22:57:42","guid":{"rendered":"https:\/\/www.tenniscup.it\/portale\/?p=15313"},"modified":"2019-09-27T09:36:20","modified_gmt":"2019-09-27T07:36:20","slug":"weekend-tennistico-a-ginevra-con-lavercup-e-federer-un-mix-di-ingredienti-fantastici","status":"publish","type":"post","link":"https:\/\/www.tenniscup.it\/portale\/2019\/09\/24\/weekend-tennistico-a-ginevra-con-lavercup-e-federer-un-mix-di-ingredienti-fantastici\/","title":{"rendered":"GINEVRA con LAVER CUP e FEDERER e il TENNIS diventa SPETTACOLO per un mix di ingredienti fantastici!"},"content":{"rendered":"\t\t<div data-elementor-type=\"wp-post\" data-elementor-id=\"15313\" class=\"elementor elementor-15313\" data-elementor-settings=\"[]\">\n\t\t\t\t\t\t<div class=\"elementor-inner\">\n\t\t\t\t\t\t\t<div class=\"elementor-section-wrap\">\n\t\t\t\t\t\t\t<section class=\"elementor-section elementor-top-section elementor-element elementor-element-257dbfb elementor-section-boxed elementor-section-height-default elementor-section-height-default\" data-id=\"257dbfb\" data-element_type=\"section\">\n\t\t\t\t\t\t<div class=\"elementor-container elementor-column-gap-default\">\n\t\t\t\t\t\t\t<div class=\"elementor-row\">\n\t\t\t\t\t<div class=\"elementor-column elementor-col-100 elementor-top-column elementor-element elementor-element-4851435\" data-id=\"4851435\" data-element_type=\"column\">\n\t\t\t<div class=\"elementor-column-wrap elementor-element-populated\">\n\t\t\t\t\t\t\t<div class=\"elementor-widget-wrap\">\n\t\t\t\t\t\t<div class=\"elementor-element elementor-element-99d091d elementor-widget elementor-widget-text-editor\" data-id=\"99d091d\" data-element_type=\"widget\" data-widget_type=\"text-editor.default\">\n\t\t\t\t<div class=\"elementor-widget-container\">\n\t\t\t\t\t\t\t\t<div class=\"elementor-text-editor elementor-clearfix\">\n\t\t\t\t<p><strong>Ginevra<\/strong> a settembre vuol dire grande tennis in questo week end e avendo pianificato questo viaggio da tempo mi sono sempre augurato che si avverasse. La citt\u00e0 si presenta molto \u201cfrancese\u201d <strong>quasi a tratti sembra di essere a Parigi o Lione<\/strong>, ordinata quanto basta ma non come nei paesi nordici, per noi italiani avere una citt\u00e0 cos\u00ec comunque sarebbe un sogno ma tralasciamo questi aspetti. Tutto qui per\u00f2 \u00e8 caro anzi carissimo per noi italiani, quindi il mio consiglio \u00e8&#8230; non fate vacanze in <strong>Svizzera<\/strong> a meno che non siete milionari!<\/p>\t\t\t\t\t<\/div>\n\t\t\t\t\t\t<\/div>\n\t\t\t\t<\/div>\n\t\t\t\t<div class=\"elementor-element elementor-element-dcf952e elementor-widget elementor-widget-image\" data-id=\"dcf952e\" data-element_type=\"widget\" data-widget_type=\"image.default\">\n\t\t\t\t<div class=\"elementor-widget-container\">\n\t\t\t\t\t\t\t\t<div class=\"elementor-image\">\n\t\t\t\t\t\t\t\t\t<figure class=\"wp-caption\">\n\t\t\t\t\t\t\t\t\t\t<img width=\"600\" height=\"250\" src=\"https:\/\/www.tenniscup.it\/portale\/wp-content\/uploads\/2019\/09\/ww_articolo_f00.jpg\" class=\"attachment-large size-large\" alt=\"\" loading=\"lazy\" srcset=\"https:\/\/www.tenniscup.it\/portale\/wp-content\/uploads\/2019\/09\/ww_articolo_f00.jpg 600w, https:\/\/www.tenniscup.it\/portale\/wp-content\/uploads\/2019\/09\/ww_articolo_f00-300x125.jpg 300w, https:\/\/www.tenniscup.it\/portale\/wp-content\/uploads\/2019\/09\/ww_articolo_f00-128x53.jpg 128w, https:\/\/www.tenniscup.it\/portale\/wp-content\/uploads\/2019\/09\/ww_articolo_f00-32x13.jpg 32w\" sizes=\"(max-width: 600px) 100vw, 600px\" \/>\t\t\t\t\t\t\t\t\t\t\t<figcaption class=\"widget-image-caption wp-caption-text\">Laver Cup 2019 vinta ancora una volta dal Team Europe<\/figcaption>\n\t\t\t\t\t\t\t\t\t\t<\/figure>\n\t\t\t\t\t\t\t\t<\/div>\n\t\t\t\t\t\t<\/div>\n\t\t\t\t<\/div>\n\t\t\t\t<div class=\"elementor-element elementor-element-206cbd7 elementor-widget elementor-widget-text-editor\" data-id=\"206cbd7\" data-element_type=\"widget\" data-widget_type=\"text-editor.default\">\n\t\t\t\t<div class=\"elementor-widget-container\">\n\t\t\t\t\t\t\t\t<div class=\"elementor-text-editor elementor-clearfix\">\n\t\t\t\t<p>La<strong> Laver Cup<\/strong> \u00e8 probabilmente per me l\u2019ultima occasione in cui vedere <strong>Roger<\/strong> <strong>Federer<\/strong> dal vivo giocare e \u201cdipingere\u201d tennis nel vero senso della parola, insieme a lui un altro grandissimo campione come<strong> Rafa Nadal<\/strong> e altri nuovi talenti come <strong>Zverev, Tsitsipas e Thiem<\/strong> per il nostro <strong>Fognini<\/strong> credo sia stato un premio perch\u00e9 ha vinto il master 1000 di Montecarlo in questa stagione. La modalit\u00e0 della manifestazione \u00e8 semplicemente fantastica ci sono tutti gli ingredienti per il successo, \u00e8 una <strong>competizione a squadre con grandi giocatori e grande tennis, incontri serrati ed equilibrati<\/strong> e come dicono gli inglesi <strong>\u201cDrama\u201d<\/strong> cio\u00e8 giocate importanti e momenti topici durante il match che tengono il pubblico con il fiato sospeso. Sono gli ingredienti che (nel nostro piccolo) mi sono sempre augurato per <strong>Tenniscup<\/strong> e sono convinto <em>(perch\u00e9 lo abbiamo visto in molti match)<\/em> che anche i giocatori meno bravi del nostro gruppo possono <em>(come i pi\u00f9 bravi)<\/em> creare il momento \u201cDrama\u201d nella nostra formula di gioco.<\/p>\t\t\t\t\t<\/div>\n\t\t\t\t\t\t<\/div>\n\t\t\t\t<\/div>\n\t\t\t\t<div class=\"elementor-element elementor-element-341d09e elementor-widget elementor-widget-image\" data-id=\"341d09e\" data-element_type=\"widget\" data-widget_type=\"image.default\">\n\t\t\t\t<div class=\"elementor-widget-container\">\n\t\t\t\t\t\t\t\t<div class=\"elementor-image\">\n\t\t\t\t\t\t\t\t\t<figure class=\"wp-caption\">\n\t\t\t\t\t\t\t\t\t\t<img width=\"600\" height=\"250\" src=\"https:\/\/www.tenniscup.it\/portale\/wp-content\/uploads\/2019\/09\/ww_articolo_f20.jpg\" class=\"attachment-large size-large\" alt=\"\" loading=\"lazy\" srcset=\"https:\/\/www.tenniscup.it\/portale\/wp-content\/uploads\/2019\/09\/ww_articolo_f20.jpg 600w, https:\/\/www.tenniscup.it\/portale\/wp-content\/uploads\/2019\/09\/ww_articolo_f20-300x125.jpg 300w, https:\/\/www.tenniscup.it\/portale\/wp-content\/uploads\/2019\/09\/ww_articolo_f20-128x53.jpg 128w, https:\/\/www.tenniscup.it\/portale\/wp-content\/uploads\/2019\/09\/ww_articolo_f20-32x13.jpg 32w\" sizes=\"(max-width: 600px) 100vw, 600px\" \/>\t\t\t\t\t\t\t\t\t\t\t<figcaption class=\"widget-image-caption wp-caption-text\">Ingresso della Laver Cup<\/figcaption>\n\t\t\t\t\t\t\t\t\t\t<\/figure>\n\t\t\t\t\t\t\t\t<\/div>\n\t\t\t\t\t\t<\/div>\n\t\t\t\t<\/div>\n\t\t\t\t<div class=\"elementor-element elementor-element-5ecfd63 elementor-widget elementor-widget-text-editor\" data-id=\"5ecfd63\" data-element_type=\"widget\" data-widget_type=\"text-editor.default\">\n\t\t\t\t<div class=\"elementor-widget-container\">\n\t\t\t\t\t\t\t\t<div class=\"elementor-text-editor elementor-clearfix\">\n\t\t\t\t<p><strong>Federer<\/strong> \u00e8 come sempre incredibile, trascina il <strong>Team Europe<\/strong> alla rimonta per conquistare l\u2019ennesima <strong>Laver Cup<\/strong> facendo anche pi\u00f9 volte il coach, lui \u00e8 <strong>Nadal<\/strong> <em>(purtroppo infortunato nell\u2019ultima giornata)<\/em> sono i pi\u00f9 esperti e da soli potrebbero battere anche tutto il <strong>Team World<\/strong> seppur composto da ottimi giocatori come <strong>Kyrgios, Isner, Raonic. <\/strong>Le coreografie del torneo sono eccezionali e incitano il pubblico a partecipare attivamente all\u2019evento, insomma tutto \u00e8 al posto giusto nel momento giusto con la ciliegina sulla torta delle grandi giocate dei campioni che vi partecipano.<\/p>\t\t\t\t\t<\/div>\n\t\t\t\t\t\t<\/div>\n\t\t\t\t<\/div>\n\t\t\t\t<div class=\"elementor-element elementor-element-009dcbe elementor-widget elementor-widget-image\" data-id=\"009dcbe\" data-element_type=\"widget\" data-widget_type=\"image.default\">\n\t\t\t\t<div class=\"elementor-widget-container\">\n\t\t\t\t\t\t\t\t<div class=\"elementor-image\">\n\t\t\t\t\t\t\t\t\t<figure class=\"wp-caption\">\n\t\t\t\t\t\t\t\t\t\t<img width=\"600\" height=\"250\" src=\"https:\/\/www.tenniscup.it\/portale\/wp-content\/uploads\/2019\/09\/ww_articolo_f30.jpg\" class=\"attachment-large size-large\" alt=\"\" loading=\"lazy\" srcset=\"https:\/\/www.tenniscup.it\/portale\/wp-content\/uploads\/2019\/09\/ww_articolo_f30.jpg 600w, https:\/\/www.tenniscup.it\/portale\/wp-content\/uploads\/2019\/09\/ww_articolo_f30-300x125.jpg 300w, https:\/\/www.tenniscup.it\/portale\/wp-content\/uploads\/2019\/09\/ww_articolo_f30-128x53.jpg 128w, https:\/\/www.tenniscup.it\/portale\/wp-content\/uploads\/2019\/09\/ww_articolo_f30-32x13.jpg 32w\" sizes=\"(max-width: 600px) 100vw, 600px\" \/>\t\t\t\t\t\t\t\t\t\t\t<figcaption class=\"widget-image-caption wp-caption-text\">Atmosfere da Laver Cup<\/figcaption>\n\t\t\t\t\t\t\t\t\t\t<\/figure>\n\t\t\t\t\t\t\t\t<\/div>\n\t\t\t\t\t\t<\/div>\n\t\t\t\t<\/div>\n\t\t\t\t<div class=\"elementor-element elementor-element-860504b elementor-widget elementor-widget-text-editor\" data-id=\"860504b\" data-element_type=\"widget\" data-widget_type=\"text-editor.default\">\n\t\t\t\t<div class=\"elementor-widget-container\">\n\t\t\t\t\t\t\t\t<div class=\"elementor-text-editor elementor-clearfix\">\n\t\t\t\t<p>Questa manifestazione \u00e8 stata voluta fortemente da <strong>Roger Federer<\/strong> che ha coinvolto anche i suoi grandi sponsor come<strong> Rolex , Credit Suisse e Mercedes<\/strong>, io credo che quando si ritirer\u00e0 probabilmente oltre a essere stato un grande giocatore potr\u00e0 diventare un grande dirigente per portare il tennis a un miglioramento organizzativo permettendo una maggiore spettacolarizzazione dei match, che \u00e8 un po\u2019 quello che tutti vogliamo <strong>e infatti la conclusione degna \u00e8 un super tiebreak tiratissimo da cui esce vittorioso come lo scorso anno Sasha Zverev che consegna la vittoria al Team Europe<\/strong>. Lasciando <strong>Ginevra<\/strong> ho ricordi di grande spettacolo e grande tennis per un week end eccezionale che, nonostante abbia richiesto sacrifici il muoversi per una manifestazione tennistica all\u2019estero, viene tutto poi ripagato da quello che ho potuto vedere e osservare, ne trarr\u00f2 sicuramente spunto magari per migliorare <strong>Tenniscup<\/strong> augurandomi sempre che anche i nostri tornei siano o diventino nello svolgimento un po\u2019 come una <strong>Laver Cup<\/strong>.<\/p>\t\t\t\t\t<\/div>\n\t\t\t\t\t\t<\/div>\n\t\t\t\t<\/div>\n\t\t\t\t<div class=\"elementor-element elementor-element-0404f62 elementor-aspect-ratio-169 elementor-widget elementor-widget-video\" data-id=\"0404f62\" data-element_type=\"widget\" data-settings=\"{&quot;video_type&quot;:&quot;vimeo&quot;,&quot;aspect_ratio&quot;:&quot;169&quot;}\" data-widget_type=\"video.default\">\n\t\t\t\t<div class=\"elementor-widget-container\">\n\t\t\t\t\t<div class=\"elementor-wrapper elementor-fit-aspect-ratio elementor-open-inline\">\n\t\t\t<iframe class=\"elementor-video-iframe\" allowfullscreen title=\"vimeo Video Player\" src=\"https:\/\/player.vimeo.com\/video\/361928359?color&amp;autopause=0&amp;loop=0&amp;muted=0&amp;title=1&amp;portrait=1&amp;byline=1#t=\"><\/iframe>\t\t<\/div>\n\t\t\t\t<\/div>\n\t\t\t\t<\/div>\n\t\t\t\t<div class=\"elementor-element elementor-element-91ffc9c elementor-share-buttons--view-icon-text elementor-share-buttons--skin-gradient elementor-share-buttons--shape-square elementor-grid-0 elementor-share-buttons--color-official elementor-widget elementor-widget-share-buttons\" data-id=\"91ffc9c\" data-element_type=\"widget\" data-widget_type=\"share-buttons.default\">\n\t\t\t\t<div class=\"elementor-widget-container\">\n\t\t\t\t\t<div class=\"elementor-grid\">\n\t\t\t\t\t\t\t\t<div class=\"elementor-grid-item\">\n\t\t\t\t\t\t<div class=\"elementor-share-btn elementor-share-btn_facebook\">\n\t\t\t\t\t\t\t\t\t\t\t\t\t\t\t<span class=\"elementor-share-btn__icon\">\n\t\t\t\t\t\t\t\t<i class=\"fab fa-facebook\" aria-hidden=\"true\"><\/i>\t\t\t\t\t\t\t\t<span\n\t\t\t\t\t\t\t\t\tclass=\"elementor-screen-only\">Condividi su facebook<\/span>\n\t\t\t\t\t\t\t<\/span>\n\t\t\t\t\t\t\t\t\t\t\t\t\t\t\t\t\t\t\t\t\t\t<div class=\"elementor-share-btn__text\">\n\t\t\t\t\t\t\t\t\t\t\t\t\t\t\t\t\t\t\t<span class=\"elementor-share-btn__title\">\n\t\t\t\t\t\t\t\t\t\tFacebook\t\t\t\t\t\t\t\t\t<\/span>\n\t\t\t\t\t\t\t\t\t\t\t\t\t\t\t\t\t<\/div>\n\t\t\t\t\t\t\t\t\t\t\t\t\t<\/div>\n\t\t\t\t\t<\/div>\n\t\t\t\t\t\t\t\t\t<div class=\"elementor-grid-item\">\n\t\t\t\t\t\t<div class=\"elementor-share-btn elementor-share-btn_whatsapp\">\n\t\t\t\t\t\t\t\t\t\t\t\t\t\t\t<span class=\"elementor-share-btn__icon\">\n\t\t\t\t\t\t\t\t<i class=\"fab fa-whatsapp\" aria-hidden=\"true\"><\/i>\t\t\t\t\t\t\t\t<span\n\t\t\t\t\t\t\t\t\tclass=\"elementor-screen-only\">Condividi su whatsapp<\/span>\n\t\t\t\t\t\t\t<\/span>\n\t\t\t\t\t\t\t\t\t\t\t\t\t\t\t\t\t\t\t\t\t\t<div class=\"elementor-share-btn__text\">\n\t\t\t\t\t\t\t\t\t\t\t\t\t\t\t\t\t\t\t<span class=\"elementor-share-btn__title\">\n\t\t\t\t\t\t\t\t\t\tWhatsApp\t\t\t\t\t\t\t\t\t<\/span>\n\t\t\t\t\t\t\t\t\t\t\t\t\t\t\t\t\t<\/div>\n\t\t\t\t\t\t\t\t\t\t\t\t\t<\/div>\n\t\t\t\t\t<\/div>\n\t\t\t\t\t\t\t\t\t<div class=\"elementor-grid-item\">\n\t\t\t\t\t\t<div class=\"elementor-share-btn elementor-share-btn_telegram\">\n\t\t\t\t\t\t\t\t\t\t\t\t\t\t\t<span class=\"elementor-share-btn__icon\">\n\t\t\t\t\t\t\t\t<i class=\"fab fa-telegram\" aria-hidden=\"true\"><\/i>\t\t\t\t\t\t\t\t<span\n\t\t\t\t\t\t\t\t\tclass=\"elementor-screen-only\">Condividi su telegram<\/span>\n\t\t\t\t\t\t\t<\/span>\n\t\t\t\t\t\t\t\t\t\t\t\t\t\t\t\t\t\t\t\t\t\t<div class=\"elementor-share-btn__text\">\n\t\t\t\t\t\t\t\t\t\t\t\t\t\t\t\t\t\t\t<span class=\"elementor-share-btn__title\">\n\t\t\t\t\t\t\t\t\t\tTelegram\t\t\t\t\t\t\t\t\t<\/span>\n\t\t\t\t\t\t\t\t\t\t\t\t\t\t\t\t\t<\/div>\n\t\t\t\t\t\t\t\t\t\t\t\t\t<\/div>\n\t\t\t\t\t<\/div>\n\t\t\t\t\t\t\t\t\t<div class=\"elementor-grid-item\">\n\t\t\t\t\t\t<div class=\"elementor-share-btn elementor-share-btn_twitter\">\n\t\t\t\t\t\t\t\t\t\t\t\t\t\t\t<span class=\"elementor-share-btn__icon\">\n\t\t\t\t\t\t\t\t<i class=\"fab fa-twitter\" aria-hidden=\"true\"><\/i>\t\t\t\t\t\t\t\t<span\n\t\t\t\t\t\t\t\t\tclass=\"elementor-screen-only\">Condividi su twitter<\/span>\n\t\t\t\t\t\t\t<\/span>\n\t\t\t\t\t\t\t\t\t\t\t\t\t\t\t\t\t\t\t\t\t\t<div class=\"elementor-share-btn__text\">\n\t\t\t\t\t\t\t\t\t\t\t\t\t\t\t\t\t\t\t<span class=\"elementor-share-btn__title\">\n\t\t\t\t\t\t\t\t\t\tTwitter\t\t\t\t\t\t\t\t\t<\/span>\n\t\t\t\t\t\t\t\t\t\t\t\t\t\t\t\t\t<\/div>\n\t\t\t\t\t\t\t\t\t\t\t\t\t<\/div>\n\t\t\t\t\t<\/div>\n\t\t\t\t\t\t<\/div>\n\t\t\t\t<\/div>\n\t\t\t\t<\/div>\n\t\t\t\t<div class=\"elementor-element elementor-element-8084af1 elementor-widget elementor-widget-heading\" data-id=\"8084af1\" data-element_type=\"widget\" data-widget_type=\"heading.default\">\n\t\t\t\t<div class=\"elementor-widget-container\">\n\t\t\t<h2 class=\"elementor-heading-title elementor-size-default\">TENNIS PAVIA, TENNIS PAVESE<\/h2>\t\t<\/div>\n\t\t\t\t<\/div>\n\t\t\t\t\t\t<\/div>\n\t\t\t\t\t<\/div>\n\t\t<\/div>\n\t\t\t\t\t\t\t\t<\/div>\n\t\t\t\t\t<\/div>\n\t\t<\/section>\n\t\t\t\t\t\t<\/div>\n\t\t\t\t\t\t<\/div>\n\t\t\t\t\t<\/div>\n\t\t","protected":false},"excerpt":{"rendered":"<p>Ginevra a settembre vuol dire grande tennis in questo week end e avendo pianificato questo viaggio da tempo mi sono sempre augurato che si avverasse. La citt\u00e0 si presenta molto \u201cfrancese\u201d quasi a tratti sembra di essere a Parigi o Lione, ordinata quanto basta ma non come nei paesi nordici, per noi italiani avere una&#8230;<\/p>\n","protected":false},"author":2,"featured_media":15325,"comment_status":"closed","ping_status":"open","sticky":false,"template":"","format":"standard","meta":{"spay_email":""},"categories":[84,1202],"tags":[1224,1223,1220,1219,1225,868,932,977,1099,1100,1221,1110,1222],"yoast_head":"<!-- This site is optimized with the Yoast SEO plugin v18.2 - https:\/\/yoast.com\/wordpress\/plugins\/seo\/ -->\n<title>GINEVRA con LAVER CUP e FEDERER e il TENNIS diventa SPETTACOLO per un mix di ingredienti fantastici! - TENNISCUP - Stagione 2026 - 27\u00b0 Anno - Tennis Pavia<\/title>\n<meta name=\"robots\" content=\"index, follow, max-snippet:-1, max-image-preview:large, max-video-preview:-1\" \/>\n<link rel=\"canonical\" href=\"https:\/\/www.tenniscup.it\/portale\/2019\/09\/24\/weekend-tennistico-a-ginevra-con-lavercup-e-federer-un-mix-di-ingredienti-fantastici\/\" \/>\n<meta property=\"og:locale\" content=\"it_IT\" \/>\n<meta property=\"og:type\" content=\"article\" \/>\n<meta property=\"og:title\" content=\"GINEVRA con LAVER CUP e FEDERER e il TENNIS diventa SPETTACOLO per un mix di ingredienti fantastici! - TENNISCUP - Stagione 2026 - 27\u00b0 Anno - Tennis Pavia\" \/>\n<meta property=\"og:description\" content=\"Ginevra a settembre vuol dire grande tennis in questo week end e avendo pianificato questo viaggio da tempo mi sono sempre augurato che si avverasse. La citt\u00e0 si presenta molto \u201cfrancese\u201d quasi a tratti sembra di essere a Parigi o Lione, ordinata quanto basta ma non come nei paesi nordici, per noi italiani avere una...\" \/>\n<meta property=\"og:url\" content=\"https:\/\/www.tenniscup.it\/portale\/2019\/09\/24\/weekend-tennistico-a-ginevra-con-lavercup-e-federer-un-mix-di-ingredienti-fantastici\/\" \/>\n<meta property=\"og:site_name\" content=\"TENNISCUP - Stagione 2026 - 27\u00b0 Anno - Tennis Pavia\" \/>\n<meta property=\"article:published_time\" content=\"2019-09-23T22:57:42+00:00\" \/>\n<meta property=\"article:modified_time\" content=\"2019-09-27T07:36:20+00:00\" \/>\n<meta property=\"og:image\" content=\"https:\/\/www.tenniscup.it\/portale\/wp-content\/uploads\/2019\/09\/fb_ginevra_f09.jpg\" \/>\n\t<meta property=\"og:image:width\" content=\"1000\" \/>\n\t<meta property=\"og:image:height\" content=\"600\" \/>\n\t<meta property=\"og:image:type\" content=\"image\/jpeg\" \/>\n<meta name=\"twitter:card\" content=\"summary_large_image\" \/>\n<meta name=\"twitter:label1\" content=\"Scritto da\" \/>\n\t<meta name=\"twitter:data1\" content=\"TennisCup\" \/>\n\t<meta name=\"twitter:label2\" content=\"Tempo di lettura stimato\" \/>\n\t<meta name=\"twitter:data2\" content=\"3 minuti\" \/>\n<script type=\"application\/ld+json\" class=\"yoast-schema-graph\">{\"@context\":\"https:\/\/schema.org\",\"@graph\":[{\"@type\":\"WebSite\",\"@id\":\"https:\/\/www.tenniscup.it\/portale\/#website\",\"url\":\"https:\/\/www.tenniscup.it\/portale\/\",\"name\":\"TENNISCUP - Stagione 2026 - 27\u00b0 Anno - Tennis Pavia\",\"description\":\"Is a Lover Tennis Championship\",\"potentialAction\":[{\"@type\":\"SearchAction\",\"target\":{\"@type\":\"EntryPoint\",\"urlTemplate\":\"https:\/\/www.tenniscup.it\/portale\/?s={search_term_string}\"},\"query-input\":\"required name=search_term_string\"}],\"inLanguage\":\"it-IT\"},{\"@type\":\"ImageObject\",\"@id\":\"https:\/\/www.tenniscup.it\/portale\/2019\/09\/24\/weekend-tennistico-a-ginevra-con-lavercup-e-federer-un-mix-di-ingredienti-fantastici\/#primaryimage\",\"inLanguage\":\"it-IT\",\"url\":\"https:\/\/www.tenniscup.it\/portale\/wp-content\/uploads\/2019\/09\/fb_ginevra_f09.jpg\",\"contentUrl\":\"https:\/\/www.tenniscup.it\/portale\/wp-content\/uploads\/2019\/09\/fb_ginevra_f09.jpg\",\"width\":1000,\"height\":600},{\"@type\":\"WebPage\",\"@id\":\"https:\/\/www.tenniscup.it\/portale\/2019\/09\/24\/weekend-tennistico-a-ginevra-con-lavercup-e-federer-un-mix-di-ingredienti-fantastici\/#webpage\",\"url\":\"https:\/\/www.tenniscup.it\/portale\/2019\/09\/24\/weekend-tennistico-a-ginevra-con-lavercup-e-federer-un-mix-di-ingredienti-fantastici\/\",\"name\":\"GINEVRA con LAVER CUP e FEDERER e il TENNIS diventa SPETTACOLO per un mix di ingredienti fantastici! - TENNISCUP - Stagione 2026 - 27\u00b0 Anno - Tennis Pavia\",\"isPartOf\":{\"@id\":\"https:\/\/www.tenniscup.it\/portale\/#website\"},\"primaryImageOfPage\":{\"@id\":\"https:\/\/www.tenniscup.it\/portale\/2019\/09\/24\/weekend-tennistico-a-ginevra-con-lavercup-e-federer-un-mix-di-ingredienti-fantastici\/#primaryimage\"},\"datePublished\":\"2019-09-23T22:57:42+00:00\",\"dateModified\":\"2019-09-27T07:36:20+00:00\",\"author\":{\"@id\":\"https:\/\/www.tenniscup.it\/portale\/#\/schema\/person\/488217b0da1f8f6f474fcdd840c59b50\"},\"breadcrumb\":{\"@id\":\"https:\/\/www.tenniscup.it\/portale\/2019\/09\/24\/weekend-tennistico-a-ginevra-con-lavercup-e-federer-un-mix-di-ingredienti-fantastici\/#breadcrumb\"},\"inLanguage\":\"it-IT\",\"potentialAction\":[{\"@type\":\"ReadAction\",\"target\":[\"https:\/\/www.tenniscup.it\/portale\/2019\/09\/24\/weekend-tennistico-a-ginevra-con-lavercup-e-federer-un-mix-di-ingredienti-fantastici\/\"]}]},{\"@type\":\"BreadcrumbList\",\"@id\":\"https:\/\/www.tenniscup.it\/portale\/2019\/09\/24\/weekend-tennistico-a-ginevra-con-lavercup-e-federer-un-mix-di-ingredienti-fantastici\/#breadcrumb\",\"itemListElement\":[{\"@type\":\"ListItem\",\"position\":1,\"name\":\"Home\",\"item\":\"https:\/\/www.tenniscup.it\/portale\/\"},{\"@type\":\"ListItem\",\"position\":2,\"name\":\"GINEVRA con LAVER CUP e FEDERER e il TENNIS diventa SPETTACOLO per un mix di ingredienti fantastici!\"}]},{\"@type\":\"Person\",\"@id\":\"https:\/\/www.tenniscup.it\/portale\/#\/schema\/person\/488217b0da1f8f6f474fcdd840c59b50\",\"name\":\"TennisCup\",\"image\":{\"@type\":\"ImageObject\",\"@id\":\"https:\/\/www.tenniscup.it\/portale\/#personlogo\",\"inLanguage\":\"it-IT\",\"url\":\"https:\/\/secure.gravatar.com\/avatar\/50919f356ac00826a8d93f14e2196783?s=96&d=mm&r=g\",\"contentUrl\":\"https:\/\/secure.gravatar.com\/avatar\/50919f356ac00826a8d93f14e2196783?s=96&d=mm&r=g\",\"caption\":\"TennisCup\"},\"url\":\"https:\/\/www.tenniscup.it\/portale\/author\/tenniscup\/\"}]}<\/script>\n<!-- \/ Yoast SEO plugin. -->","yoast_head_json":{"title":"GINEVRA con LAVER CUP e FEDERER e il TENNIS diventa SPETTACOLO per un mix di ingredienti fantastici! - TENNISCUP - Stagione 2026 - 27\u00b0 Anno - Tennis Pavia","robots":{"index":"index","follow":"follow","max-snippet":"max-snippet:-1","max-image-preview":"max-image-preview:large","max-video-preview":"max-video-preview:-1"},"canonical":"https:\/\/www.tenniscup.it\/portale\/2019\/09\/24\/weekend-tennistico-a-ginevra-con-lavercup-e-federer-un-mix-di-ingredienti-fantastici\/","og_locale":"it_IT","og_type":"article","og_title":"GINEVRA con LAVER CUP e FEDERER e il TENNIS diventa SPETTACOLO per un mix di ingredienti fantastici! - TENNISCUP - Stagione 2026 - 27\u00b0 Anno - Tennis Pavia","og_description":"Ginevra a settembre vuol dire grande tennis in questo week end e avendo pianificato questo viaggio da tempo mi sono sempre augurato che si avverasse. La citt\u00e0 si presenta molto \u201cfrancese\u201d quasi a tratti sembra di essere a Parigi o Lione, ordinata quanto basta ma non come nei paesi nordici, per noi italiani avere una...","og_url":"https:\/\/www.tenniscup.it\/portale\/2019\/09\/24\/weekend-tennistico-a-ginevra-con-lavercup-e-federer-un-mix-di-ingredienti-fantastici\/","og_site_name":"TENNISCUP - Stagione 2026 - 27\u00b0 Anno - Tennis Pavia","article_published_time":"2019-09-23T22:57:42+00:00","article_modified_time":"2019-09-27T07:36:20+00:00","og_image":[{"width":1000,"height":600,"url":"https:\/\/www.tenniscup.it\/portale\/wp-content\/uploads\/2019\/09\/fb_ginevra_f09.jpg","type":"image\/jpeg"}],"twitter_card":"summary_large_image","twitter_misc":{"Scritto da":"TennisCup","Tempo di lettura stimato":"3 minuti"},"schema":{"@context":"https:\/\/schema.org","@graph":[{"@type":"WebSite","@id":"https:\/\/www.tenniscup.it\/portale\/#website","url":"https:\/\/www.tenniscup.it\/portale\/","name":"TENNISCUP - Stagione 2026 - 27\u00b0 Anno - Tennis Pavia","description":"Is a Lover Tennis Championship","potentialAction":[{"@type":"SearchAction","target":{"@type":"EntryPoint","urlTemplate":"https:\/\/www.tenniscup.it\/portale\/?s={search_term_string}"},"query-input":"required name=search_term_string"}],"inLanguage":"it-IT"},{"@type":"ImageObject","@id":"https:\/\/www.tenniscup.it\/portale\/2019\/09\/24\/weekend-tennistico-a-ginevra-con-lavercup-e-federer-un-mix-di-ingredienti-fantastici\/#primaryimage","inLanguage":"it-IT","url":"https:\/\/www.tenniscup.it\/portale\/wp-content\/uploads\/2019\/09\/fb_ginevra_f09.jpg","contentUrl":"https:\/\/www.tenniscup.it\/portale\/wp-content\/uploads\/2019\/09\/fb_ginevra_f09.jpg","width":1000,"height":600},{"@type":"WebPage","@id":"https:\/\/www.tenniscup.it\/portale\/2019\/09\/24\/weekend-tennistico-a-ginevra-con-lavercup-e-federer-un-mix-di-ingredienti-fantastici\/#webpage","url":"https:\/\/www.tenniscup.it\/portale\/2019\/09\/24\/weekend-tennistico-a-ginevra-con-lavercup-e-federer-un-mix-di-ingredienti-fantastici\/","name":"GINEVRA con LAVER CUP e FEDERER e il TENNIS diventa SPETTACOLO per un mix di ingredienti fantastici! - TENNISCUP - Stagione 2026 - 27\u00b0 Anno - Tennis Pavia","isPartOf":{"@id":"https:\/\/www.tenniscup.it\/portale\/#website"},"primaryImageOfPage":{"@id":"https:\/\/www.tenniscup.it\/portale\/2019\/09\/24\/weekend-tennistico-a-ginevra-con-lavercup-e-federer-un-mix-di-ingredienti-fantastici\/#primaryimage"},"datePublished":"2019-09-23T22:57:42+00:00","dateModified":"2019-09-27T07:36:20+00:00","author":{"@id":"https:\/\/www.tenniscup.it\/portale\/#\/schema\/person\/488217b0da1f8f6f474fcdd840c59b50"},"breadcrumb":{"@id":"https:\/\/www.tenniscup.it\/portale\/2019\/09\/24\/weekend-tennistico-a-ginevra-con-lavercup-e-federer-un-mix-di-ingredienti-fantastici\/#breadcrumb"},"inLanguage":"it-IT","potentialAction":[{"@type":"ReadAction","target":["https:\/\/www.tenniscup.it\/portale\/2019\/09\/24\/weekend-tennistico-a-ginevra-con-lavercup-e-federer-un-mix-di-ingredienti-fantastici\/"]}]},{"@type":"BreadcrumbList","@id":"https:\/\/www.tenniscup.it\/portale\/2019\/09\/24\/weekend-tennistico-a-ginevra-con-lavercup-e-federer-un-mix-di-ingredienti-fantastici\/#breadcrumb","itemListElement":[{"@type":"ListItem","position":1,"name":"Home","item":"https:\/\/www.tenniscup.it\/portale\/"},{"@type":"ListItem","position":2,"name":"GINEVRA con LAVER CUP e FEDERER e il TENNIS diventa SPETTACOLO per un mix di ingredienti fantastici!"}]},{"@type":"Person","@id":"https:\/\/www.tenniscup.it\/portale\/#\/schema\/person\/488217b0da1f8f6f474fcdd840c59b50","name":"TennisCup","image":{"@type":"ImageObject","@id":"https:\/\/www.tenniscup.it\/portale\/#personlogo","inLanguage":"it-IT","url":"https:\/\/secure.gravatar.com\/avatar\/50919f356ac00826a8d93f14e2196783?s=96&d=mm&r=g","contentUrl":"https:\/\/secure.gravatar.com\/avatar\/50919f356ac00826a8d93f14e2196783?s=96&d=mm&r=g","caption":"TennisCup"},"url":"https:\/\/www.tenniscup.it\/portale\/author\/tenniscup\/"}]}},"jetpack_featured_media_url":"https:\/\/www.tenniscup.it\/portale\/wp-content\/uploads\/2019\/09\/fb_ginevra_f09.jpg","_links":{"self":[{"href":"https:\/\/www.tenniscup.it\/portale\/wp-json\/wp\/v2\/posts\/15313"}],"collection":[{"href":"https:\/\/www.tenniscup.it\/portale\/wp-json\/wp\/v2\/posts"}],"about":[{"href":"https:\/\/www.tenniscup.it\/portale\/wp-json\/wp\/v2\/types\/post"}],"author":[{"embeddable":true,"href":"https:\/\/www.tenniscup.it\/portale\/wp-json\/wp\/v2\/users\/2"}],"replies":[{"embeddable":true,"href":"https:\/\/www.tenniscup.it\/portale\/wp-json\/wp\/v2\/comments?post=15313"}],"version-history":[{"count":24,"href":"https:\/\/www.tenniscup.it\/portale\/wp-json\/wp\/v2\/posts\/15313\/revisions"}],"predecessor-version":[{"id":15343,"href":"https:\/\/www.tenniscup.it\/portale\/wp-json\/wp\/v2\/posts\/15313\/revisions\/15343"}],"wp:featuredmedia":[{"embeddable":true,"href":"https:\/\/www.tenniscup.it\/portale\/wp-json\/wp\/v2\/media\/15325"}],"wp:attachment":[{"href":"https:\/\/www.tenniscup.it\/portale\/wp-json\/wp\/v2\/media?parent=15313"}],"wp:term":[{"taxonomy":"category","embeddable":true,"href":"https:\/\/www.tenniscup.it\/portale\/wp-json\/wp\/v2\/categories?post=15313"},{"taxonomy":"post_tag","embeddable":true,"href":"https:\/\/www.tenniscup.it\/portale\/wp-json\/wp\/v2\/tags?post=15313"}],"curies":[{"name":"wp","href":"https:\/\/api.w.org\/{rel}","templated":true}]}}